{"id":1574,"date":"2026-06-03T14:08:26","date_gmt":"2026-06-03T14:08:26","guid":{"rendered":"https:\/\/gundem59.com.tr\/?p=1574"},"modified":"2026-06-03T14:08:27","modified_gmt":"2026-06-03T14:08:27","slug":"tekirdagda-cevre-haftasi-basladi","status":"publish","type":"post","link":"https:\/\/gundem59.com.tr\/?p=1574","title":{"rendered":"Tekirda\u011f\u2019da \u00c7evre Haftas\u0131 Ba\u015flad\u0131"},"content":{"rendered":"\n<p class=\"wp-block-paragraph\">\u00c7evre Haftas\u0131 etkinlikleri Tekirda\u011f\u2019da \u00e7elenk sunma t\u00f6reniyle ba\u015flad\u0131, \u00e7e\u015fitli etkinlikler d\u00fczenlenecek.<\/p>\n\n\n\n<p class=\"wp-block-paragraph\"><a href=\"https:\/\/www.sondakika.com\/tekirdag\/\">Tekirda\u011f<\/a>\u2018da&nbsp;<a href=\"https:\/\/www.sondakika.com\/cevre\/\">\u00c7evre<\/a>&nbsp;Haftas\u0131 etkinlikleri \u00e7elenk sunma t\u00f6reniyle ba\u015flad\u0131.<\/p>\n\n\n\n<p class=\"wp-block-paragraph\">\u00c7evre, \u015eehircilik ve \u0130klim De\u011fi\u015fikli\u011fi \u0130l M\u00fcd\u00fcr\u00fc Ali&nbsp;<a href=\"https:\/\/www.sondakika.com\/kemal-atli\/\">Kemal Atl\u0131<\/a>, Atat\u00fcrk An\u0131t\u0131\u2019na \u00e7elenk sundu.<\/p>\n\n\n\n<p class=\"wp-block-paragraph\">Daha sonra ise Tekirda\u011f \u00c7evre E\u011fitim ve Koruma Derne\u011fince Atat\u00fcrk An\u0131t\u0131\u2019na \u00e7elenk sunuldu.<\/p>\n\n\n\n<p class=\"wp-block-paragraph\">Sayg\u0131 duru\u015funda bulunulmas\u0131 ve \u0130stiklal Mar\u015f\u0131\u2019n\u0131n okunmas\u0131yla t\u00f6ren devam etti.<\/p>\n\n\n\n<p class=\"wp-block-paragraph\">Atl\u0131, t\u00f6renin ard\u0131ndan Vali Soyt\u00fcrk\u2019le bir s\u00fcre g\u00f6r\u00fc\u015ferek, hafta kapsam\u0131nda yap\u0131lacak etkinliklerle ilgili bilgi verdi.<\/p>\n\n\n\n<p class=\"wp-block-paragraph\">\u00c7evre, \u015eehircilik ve \u0130klim De\u011fi\u015fikli\u011fi \u0130l M\u00fcd\u00fcrl\u00fc\u011f\u00fcnce hafta boyunca \u00e7e\u015fitli etkinlikler d\u00fczenlenecek.<\/p>\n","protected":false},"excerpt":{"rendered":"<p>\u00c7evre Haftas\u0131 etkinlikleri Tekirda\u011f\u2019da \u00e7elenk sunma t\u00f6reniyle ba\u015flad\u0131, \u00e7e\u015fitli etkinlikler d\u00fczenlenecek. Tekirda\u011f\u2018da&nbsp;\u00c7evre&nbsp;Haftas\u0131 etkinlikleri \u00e7elenk sunma&#8230;<\/p>\n","protected":false},"author":1,"featured_media":1575,"comment_status":"closed","ping_status":"closed","sticky":false,"template":"","format":"standard","meta":{"footnotes":""},"categories":[1],"tags":[],"ppma_author":[57],"class_list":["post-1574","post","type-post","status-publish","format-standard","has-post-thumbnail","hentry","category-tekirdag-gundemi"],"authors":[{"term_id":57,"user_id":1,"is_guest":0,"slug":"admin","display_name":"Alp Aslan","avatar_url":"https:\/\/secure.gravatar.com\/avatar\/07c18c5ad3350b025db8f3328450e071acb435c703e565899c880c63362f137a?s=96&d=mm&r=g","author_category":"1","first_name":"Alp Aslan","last_name":"ER\u0130N","user_url":"http:\/\/www.gundem59.com.tr","job_title":"","description":""}],"_links":{"self":[{"href":"https:\/\/gundem59.com.tr\/index.php?rest_route=\/wp\/v2\/posts\/1574","targetHints":{"allow":["GET"]}}],"collection":[{"href":"https:\/\/gundem59.com.tr\/index.php?rest_route=\/wp\/v2\/posts"}],"about":[{"href":"https:\/\/gundem59.com.tr\/index.php?rest_route=\/wp\/v2\/types\/post"}],"author":[{"embeddable":true,"href":"https:\/\/gundem59.com.tr\/index.php?rest_route=\/wp\/v2\/users\/1"}],"replies":[{"embeddable":true,"href":"https:\/\/gundem59.com.tr\/index.php?rest_route=%2Fwp%2Fv2%2Fcomments&post=1574"}],"version-history":[{"count":1,"href":"https:\/\/gundem59.com.tr\/index.php?rest_route=\/wp\/v2\/posts\/1574\/revisions"}],"predecessor-version":[{"id":1576,"href":"https:\/\/gundem59.com.tr\/index.php?rest_route=\/wp\/v2\/posts\/1574\/revisions\/1576"}],"wp:featuredmedia":[{"embeddable":true,"href":"https:\/\/gundem59.com.tr\/index.php?rest_route=\/wp\/v2\/media\/1575"}],"wp:attachment":[{"href":"https:\/\/gundem59.com.tr\/index.php?rest_route=%2Fwp%2Fv2%2Fmedia&parent=1574"}],"wp:term":[{"taxonomy":"category","embeddable":true,"href":"https:\/\/gundem59.com.tr\/index.php?rest_route=%2Fwp%2Fv2%2Fcategories&post=1574"},{"taxonomy":"post_tag","embeddable":true,"href":"https:\/\/gundem59.com.tr\/index.php?rest_route=%2Fwp%2Fv2%2Ftags&post=1574"},{"taxonomy":"author","embeddable":true,"href":"https:\/\/gundem59.com.tr\/index.php?rest_route=%2Fwp%2Fv2%2Fppma_author&post=1574"}],"curies":[{"name":"wp","href":"https:\/\/api.w.org\/{rel}","templated":true}]}}