{"id":1571,"date":"2026-06-03T14:06:58","date_gmt":"2026-06-03T14:06:58","guid":{"rendered":"https:\/\/gundem59.com.tr\/?p=1571"},"modified":"2026-06-03T14:06:59","modified_gmt":"2026-06-03T14:06:59","slug":"emniyet-muduru-ogrencilerle-bir-araya-geldi","status":"publish","type":"post","link":"https:\/\/gundem59.com.tr\/?p=1571","title":{"rendered":"Emniyet M\u00fcd\u00fcr\u00fc \u00d6\u011frencilerle Bir Araya Geldi"},"content":{"rendered":"\n<p class=\"wp-block-paragraph\">Tekirda\u011f \u0130l Emniyet M\u00fcd\u00fcr\u00fc Turanl\u0131, \u00f6\u011frencilerle bulu\u015farak e\u011fitim faaliyetleri hakk\u0131nda bilgi ald\u0131.<\/p>\n\n\n\n<p class=\"wp-block-paragraph\"><a href=\"https:\/\/www.sondakika.com\/tekirdag\/\">Tekirda\u011f<\/a>&nbsp;\u0130l Emniyet M\u00fcd\u00fcr\u00fc A. Metin Turanl\u0131, Aydo\u011fdu Mahallesi\u2019nde \u00f6\u011frenciler ve \u00f6\u011fretmenlerle bir araya geldi.<\/p>\n\n\n\n<p class=\"wp-block-paragraph\">Tekirda\u011f merkez S\u00fcleymanpa\u015fa il\u00e7esi Aydo\u011fdu Mahallesi\u2019nde ger\u00e7ekle\u015ftirilen ziyaret kapsam\u0131nda mahalle sakinleri ve \u00e7ocuklarla sohbet eden \u0130l Emniyet M\u00fcd\u00fcr\u00fc Turanl\u0131, 13 Kas\u0131m \u0130lkokulu\u2019nu da ziyaret etti. Okul bah\u00e7esinde \u00f6\u011frencilerle bir araya gelen Turanl\u0131, \u00e7ocuklar\u0131n hayallerini, hedeflerini ve gelece\u011fe dair d\u00fc\u015f\u00fcncelerini dinledi.<\/p>\n\n\n\n<p class=\"wp-block-paragraph\"><a href=\"https:\/\/www.sondakika.com\/egitim\/\">E\u011fitim<\/a>&nbsp;faaliyetleri hakk\u0131nda da bilgi alan Turanl\u0131, \u00f6n\u00fcm\u00fczdeki g\u00fcnlerde s\u0131n\u0131flarda okuma etkinlikleri d\u00fczenlenece\u011fini belirterek, e\u011fitim-\u00f6\u011fretim y\u0131l\u0131 sonunda kendi s\u0131n\u0131f\u0131nda en fazla kelime okuyan \u00f6\u011frencilerin \u00f6d\u00fcllendirilece\u011fini ifade etti.<\/p>\n\n\n\n<p class=\"wp-block-paragraph\">\u00d6\u011fretmenlerden yap\u0131lmas\u0131 planlanan \u0130stiklal Mar\u015f\u0131\u2019n\u0131 Ezbere Okuma Yar\u0131\u015fmas\u0131 hakk\u0131nda bilgi alan Turanl\u0131, yar\u0131\u015fmada ba\u015far\u0131l\u0131 olan ve okul y\u00f6netimi taraf\u0131ndan \u00f6d\u00fcllendirilecek \u00f6\u011frencilere Tekirda\u011f Emniyet M\u00fcd\u00fcrl\u00fc\u011f\u00fc olarak ayr\u0131ca \u00f6d\u00fcl vereceklerini s\u00f6yledi.<\/p>\n\n\n\n<p class=\"wp-block-paragraph\">\u00c7ocuklar\u0131n e\u011fitim hayatlar\u0131na katk\u0131 sunmay\u0131 ama\u00e7lad\u0131klar\u0131n\u0131 belirten Turanl\u0131, \u00f6\u011frencilerin ba\u015far\u0131lar\u0131n\u0131n kendileri i\u00e7in b\u00fcy\u00fck \u00f6nem ta\u015f\u0131d\u0131\u011f\u0131n\u0131 kaydetti. \u2013 TEK\u0130RDA\u011e<\/p>\n","protected":false},"excerpt":{"rendered":"<p>Tekirda\u011f \u0130l Emniyet M\u00fcd\u00fcr\u00fc Turanl\u0131, \u00f6\u011frencilerle bulu\u015farak e\u011fitim faaliyetleri hakk\u0131nda bilgi ald\u0131. Tekirda\u011f&nbsp;\u0130l Emniyet M\u00fcd\u00fcr\u00fc&#8230;<\/p>\n","protected":false},"author":1,"featured_media":1572,"comment_status":"closed","ping_status":"closed","sticky":false,"template":"","format":"standard","meta":{"footnotes":""},"categories":[1],"tags":[],"ppma_author":[57],"class_list":["post-1571","post","type-post","status-publish","format-standard","has-post-thumbnail","hentry","category-tekirdag-gundemi"],"authors":[{"term_id":57,"user_id":1,"is_guest":0,"slug":"admin","display_name":"Alp Aslan","avatar_url":"https:\/\/secure.gravatar.com\/avatar\/07c18c5ad3350b025db8f3328450e071acb435c703e565899c880c63362f137a?s=96&d=mm&r=g","author_category":"1","first_name":"Alp Aslan","last_name":"ER\u0130N","user_url":"http:\/\/www.gundem59.com.tr","job_title":"","description":""}],"_links":{"self":[{"href":"https:\/\/gundem59.com.tr\/index.php?rest_route=\/wp\/v2\/posts\/1571","targetHints":{"allow":["GET"]}}],"collection":[{"href":"https:\/\/gundem59.com.tr\/index.php?rest_route=\/wp\/v2\/posts"}],"about":[{"href":"https:\/\/gundem59.com.tr\/index.php?rest_route=\/wp\/v2\/types\/post"}],"author":[{"embeddable":true,"href":"https:\/\/gundem59.com.tr\/index.php?rest_route=\/wp\/v2\/users\/1"}],"replies":[{"embeddable":true,"href":"https:\/\/gundem59.com.tr\/index.php?rest_route=%2Fwp%2Fv2%2Fcomments&post=1571"}],"version-history":[{"count":1,"href":"https:\/\/gundem59.com.tr\/index.php?rest_route=\/wp\/v2\/posts\/1571\/revisions"}],"predecessor-version":[{"id":1573,"href":"https:\/\/gundem59.com.tr\/index.php?rest_route=\/wp\/v2\/posts\/1571\/revisions\/1573"}],"wp:featuredmedia":[{"embeddable":true,"href":"https:\/\/gundem59.com.tr\/index.php?rest_route=\/wp\/v2\/media\/1572"}],"wp:attachment":[{"href":"https:\/\/gundem59.com.tr\/index.php?rest_route=%2Fwp%2Fv2%2Fmedia&parent=1571"}],"wp:term":[{"taxonomy":"category","embeddable":true,"href":"https:\/\/gundem59.com.tr\/index.php?rest_route=%2Fwp%2Fv2%2Fcategories&post=1571"},{"taxonomy":"post_tag","embeddable":true,"href":"https:\/\/gundem59.com.tr\/index.php?rest_route=%2Fwp%2Fv2%2Ftags&post=1571"},{"taxonomy":"author","embeddable":true,"href":"https:\/\/gundem59.com.tr\/index.php?rest_route=%2Fwp%2Fv2%2Fppma_author&post=1571"}],"curies":[{"name":"wp","href":"https:\/\/api.w.org\/{rel}","templated":true}]}}