{"id":1516,"date":"2026-05-31T16:59:19","date_gmt":"2026-05-31T16:59:19","guid":{"rendered":"https:\/\/gundem59.com.tr\/?p=1516"},"modified":"2026-05-31T16:59:20","modified_gmt":"2026-05-31T16:59:20","slug":"kadin-yazari-yegeni-miras-icin-oldurdu","status":"publish","type":"post","link":"https:\/\/gundem59.com.tr\/?p=1516","title":{"rendered":"Kad\u0131n yazar\u0131 ye\u011feni miras i\u00e7in \u00f6ld\u00fcrd\u00fc!"},"content":{"rendered":"\n<p class=\"wp-block-paragraph\">K\u0131rklareli&#8217;nin Vize il\u00e7esinde, annesine bayram ziyaretine gelen 52 ya\u015f\u0131ndaki yazar Ayten \u00d6zt\u00fcrk, tart\u0131\u015ft\u0131\u011f\u0131 ye\u011feni B.S. taraf\u0131ndan b\u0131\u00e7akland\u0131. Hastaneye kald\u0131r\u0131lan \u00d6zt\u00fcrk, kurtar\u0131lamad\u0131. Jandarma ekipleri, olay\u0131n ard\u0131ndan ka\u00e7an B.S.&#8217;yi yakalay\u0131p g\u00f6zalt\u0131na ald\u0131<\/p>\n\n\n\n<p class=\"wp-block-paragraph\">\u0130stanbul&#8217;da ya\u015fayan yazar Ayten \u00d6zt\u00fcrk (52), Kurban Bayram\u0131 nedeniyle K\u0131rklareli&#8217;nin Vize il\u00e7esi K\u00fc\u00e7\u00fckyayla k\u00f6y\u00fcnde ya\u015fayan annesi ve akrabalar\u0131na ziyarete geldi.<\/p>\n\n\n\n<figure class=\"wp-block-image\"><img  title=\"\" decoding=\"async\" src=\"https:\/\/im.haberturk.com\/2026\/05\/30\/3888154_7a8c3d94fdbb2d9e95d242e78bf0ffb8.jpg\"  alt=\"3888154_7a8c3d94fdbb2d9e95d242e78bf0ffb8 Kad\u0131n yazar\u0131 ye\u011feni miras i\u00e7in \u00f6ld\u00fcrd\u00fc!\" \/><\/figure>\n\n\n\n<p class=\"wp-block-paragraph\"><\/p>\n\n\n\n<h2 class=\"wp-block-heading\">&#8220;M\u0130RAS TARTI\u015eMASI&#8221; YA\u015eANDI \u0130DD\u0130ASI<\/h2>\n\n\n\n<p class=\"wp-block-paragraph\">DHA&#8217;daki habere ve iddiaya g\u00f6re; annesi ve teyzesiyle d\u00fcn evlerinin bah\u00e7esinde oturan Ayten \u00d6zt\u00fcrk ile eve gelen erkek ye\u011feni B.S. aras\u0131nda miras nedeniyle tart\u0131\u015fma \u00e7\u0131kt\u0131.<\/p>\n\n\n\n<figure class=\"wp-block-image\"><img  title=\"\" decoding=\"async\" src=\"https:\/\/im.haberturk.com\/2026\/05\/30\/3888154_e286c1d9bdb3a206359413796f66e63f.jpg\"  alt=\"3888154_e286c1d9bdb3a206359413796f66e63f Kad\u0131n yazar\u0131 ye\u011feni miras i\u00e7in \u00f6ld\u00fcrd\u00fc!\" \/><\/figure>\n\n\n\n<p class=\"wp-block-paragraph\"><\/p>\n\n\n\n<h2 class=\"wp-block-heading\">HASTANEYE KALDIRILDI KURTARILAMADI<\/h2>\n\n\n\n<p class=\"wp-block-paragraph\">Bu s\u0131rada B.S., \u00d6zt\u00fcrk&#8217;\u00fc b\u0131\u00e7aklay\u0131p ka\u00e7t\u0131. \u00d6zt\u00fcrk, yere y\u0131\u011f\u0131ld\u0131. \u0130hbar \u00fczerine adrese jandarma ve sa\u011fl\u0131k ekipleri sevk edildi. \u0130lk m\u00fcdahalesi olay yerinde yap\u0131lan \u00d6zt\u00fcrk, kald\u0131r\u0131ld\u0131\u011f\u0131 Vize Devlet Hastanesi&#8217;nde doktorlar\u0131n t\u00fcm m\u00fcdahalesine ra\u011fmen kurtar\u0131lamad\u0131.<\/p>\n\n\n\n<figure class=\"wp-block-image\"><img  title=\"\" decoding=\"async\" src=\"https:\/\/im.haberturk.com\/2026\/05\/30\/3888154_fdc70ecdec9e8d8b6f4250b600d08f4c.jpg\"  alt=\"3888154_fdc70ecdec9e8d8b6f4250b600d08f4c Kad\u0131n yazar\u0131 ye\u011feni miras i\u00e7in \u00f6ld\u00fcrd\u00fc!\" \/><\/figure>\n\n\n\n<p class=\"wp-block-paragraph\"><\/p>\n\n\n\n<h2 class=\"wp-block-heading\">KAT\u0130L YE\u011eEN G\u00d6ZALTINA ALINDI<\/h2>\n\n\n\n<p class=\"wp-block-paragraph\">Jandarma ekipleri, olay\u0131n ard\u0131ndan ka\u00e7an B.S.&#8217;yi yakalay\u0131p g\u00f6zalt\u0131na ald\u0131. Jandarma, olayla ilgili incelemesini s\u00fcrd\u00fcr\u00fcyor.<\/p>\n","protected":false},"excerpt":{"rendered":"<p>K\u0131rklareli&#8217;nin Vize il\u00e7esinde, annesine bayram ziyaretine gelen 52 ya\u015f\u0131ndaki yazar Ayten \u00d6zt\u00fcrk, tart\u0131\u015ft\u0131\u011f\u0131 ye\u011feni B.S&#8230;.<\/p>\n","protected":false},"author":1,"featured_media":1517,"comment_status":"closed","ping_status":"closed","sticky":false,"template":"","format":"standard","meta":{"footnotes":""},"categories":[30],"tags":[],"ppma_author":[57],"class_list":["post-1516","post","type-post","status-publish","format-standard","has-post-thumbnail","hentry","category-ulusal-gundem"],"authors":[{"term_id":57,"user_id":1,"is_guest":0,"slug":"admin","display_name":"Alp Aslan","avatar_url":"https:\/\/secure.gravatar.com\/avatar\/07c18c5ad3350b025db8f3328450e071acb435c703e565899c880c63362f137a?s=96&d=mm&r=g","author_category":"1","first_name":"Alp Aslan","last_name":"ER\u0130N","user_url":"http:\/\/www.gundem59.com.tr","job_title":"","description":""}],"_links":{"self":[{"href":"https:\/\/gundem59.com.tr\/index.php?rest_route=\/wp\/v2\/posts\/1516","targetHints":{"allow":["GET"]}}],"collection":[{"href":"https:\/\/gundem59.com.tr\/index.php?rest_route=\/wp\/v2\/posts"}],"about":[{"href":"https:\/\/gundem59.com.tr\/index.php?rest_route=\/wp\/v2\/types\/post"}],"author":[{"embeddable":true,"href":"https:\/\/gundem59.com.tr\/index.php?rest_route=\/wp\/v2\/users\/1"}],"replies":[{"embeddable":true,"href":"https:\/\/gundem59.com.tr\/index.php?rest_route=%2Fwp%2Fv2%2Fcomments&post=1516"}],"version-history":[{"count":1,"href":"https:\/\/gundem59.com.tr\/index.php?rest_route=\/wp\/v2\/posts\/1516\/revisions"}],"predecessor-version":[{"id":1518,"href":"https:\/\/gundem59.com.tr\/index.php?rest_route=\/wp\/v2\/posts\/1516\/revisions\/1518"}],"wp:featuredmedia":[{"embeddable":true,"href":"https:\/\/gundem59.com.tr\/index.php?rest_route=\/wp\/v2\/media\/1517"}],"wp:attachment":[{"href":"https:\/\/gundem59.com.tr\/index.php?rest_route=%2Fwp%2Fv2%2Fmedia&parent=1516"}],"wp:term":[{"taxonomy":"category","embeddable":true,"href":"https:\/\/gundem59.com.tr\/index.php?rest_route=%2Fwp%2Fv2%2Fcategories&post=1516"},{"taxonomy":"post_tag","embeddable":true,"href":"https:\/\/gundem59.com.tr\/index.php?rest_route=%2Fwp%2Fv2%2Ftags&post=1516"},{"taxonomy":"author","embeddable":true,"href":"https:\/\/gundem59.com.tr\/index.php?rest_route=%2Fwp%2Fv2%2Fppma_author&post=1516"}],"curies":[{"name":"wp","href":"https:\/\/api.w.org\/{rel}","templated":true}]}}