{"id":1504,"date":"2026-05-31T16:36:39","date_gmt":"2026-05-31T16:36:39","guid":{"rendered":"https:\/\/gundem59.com.tr\/?p=1504"},"modified":"2026-05-31T16:36:40","modified_gmt":"2026-05-31T16:36:40","slug":"tekirdagda-agir-tonajli-araclara-istanbul-yonu-kisitlamasi","status":"publish","type":"post","link":"https:\/\/gundem59.com.tr\/?p=1504","title":{"rendered":"Tekirda\u011f&#8217;da a\u011f\u0131r tonajl\u0131 ara\u00e7lara \u0130stanbul y\u00f6n\u00fc k\u0131s\u0131tlamas\u0131"},"content":{"rendered":"\n<p class=\"wp-block-paragraph\">Kurban Bayram\u0131 tatili dolay\u0131s\u0131yla artmas\u0131 beklenen trafik yo\u011funlu\u011funu \u00f6nlemek amac\u0131yla Tekirda\u011f\u2019dan \u0130stanbul y\u00f6n\u00fcne a\u011f\u0131r tonajl\u0131 ara\u00e7lar\u0131n ge\u00e7i\u015fi ge\u00e7ici olarak k\u0131s\u0131tland\u0131.<\/p>\n\n\n\n<p class=\"wp-block-paragraph\">\u0130\u00e7i\u015fleri Bakanl\u0131\u011f\u0131nca al\u0131nan karar kapsam\u0131nda bug\u00fcn ba\u015flayan uygulama, yar\u0131n saat 01.00&#8217;e kadar s\u00fcrecek.<\/p>\n\n\n\n<p class=\"wp-block-paragraph\">K\u0131s\u0131tlama kapsam\u0131nda D-110 kara yolu ile&nbsp;<a href=\"https:\/\/www.trthaber.com\/etiket\/kuzey-marmara-otoyolu\/\" target=\"_blank\" rel=\"noreferrer noopener\">Kuzey Marmara Otoyolu<\/a>&nbsp;\u00fczerinden&nbsp;<a href=\"https:\/\/www.trthaber.com\/etiket\/istanbul\/\" target=\"_blank\" rel=\"noreferrer noopener\">\u0130stanbul<\/a>&nbsp;istikametine seyreden kamyon, \u00e7ekici ve tanker gibi a\u011f\u0131r tonajl\u0131 ara\u00e7lar\u0131n ge\u00e7i\u015fine izin verilmiyor.<\/p>\n\n\n\n<p class=\"wp-block-paragraph\">Sultank\u00f6y Kav\u015fa\u011f\u0131\u2019nda&nbsp;<a href=\"https:\/\/www.trthaber.com\/etiket\/trafik\/\" target=\"_blank\" rel=\"noreferrer noopener\">trafik<\/a>&nbsp;ekipleri, denetimlerini s\u00fcrd\u00fcr\u00fcyor.<\/p>\n\n\n\n<p class=\"wp-block-paragraph\">\u0130l Emniyet M\u00fcd\u00fcrl\u00fc\u011f\u00fcne ba\u011fl\u0131 30 ekip ve 82 trafik personeli, Tekirda\u011f-\u0130stanbul kara yolundaki 7 ana \u0131\u015f\u0131kl\u0131 kav\u015fakta g\u00f6rev yap\u0131yor.<\/p>\n\n\n\n<p class=\"wp-block-paragraph\">Ekipler, \u0130stanbul y\u00f6n\u00fcne seyahat edecek s\u00fcr\u00fcc\u00fcleri Muratl\u0131 g\u00fczergah\u0131n\u0131 kullanarak TEM Otoyolu\u2019na ba\u011flanabilecekleri konusunda bilgilendiriyor.<\/p>\n\n\n\n<p class=\"wp-block-paragraph\">\u00c7orlu ve \u00c7erkezk\u00f6y y\u00f6n\u00fcne gidecek s\u00fcr\u00fcc\u00fclere&nbsp;<a href=\"https:\/\/www.trthaber.com\/etiket\/sahil\/\" target=\"_blank\" rel=\"noreferrer noopener\">sahil<\/a>&nbsp;yolu yerine K\u00f6seilyas Mahallesi g\u00fczergah\u0131n\u0131 tercih etmeleri tavsiyesinde bulunuluyor.<\/p>\n","protected":false},"excerpt":{"rendered":"<p>Kurban Bayram\u0131 tatili dolay\u0131s\u0131yla artmas\u0131 beklenen trafik yo\u011funlu\u011funu \u00f6nlemek amac\u0131yla Tekirda\u011f\u2019dan \u0130stanbul y\u00f6n\u00fcne a\u011f\u0131r tonajl\u0131&#8230;<\/p>\n","protected":false},"author":1,"featured_media":1505,"comment_status":"closed","ping_status":"closed","sticky":false,"template":"","format":"standard","meta":{"footnotes":""},"categories":[30],"tags":[],"ppma_author":[57],"class_list":["post-1504","post","type-post","status-publish","format-standard","has-post-thumbnail","hentry","category-ulusal-gundem"],"authors":[{"term_id":57,"user_id":1,"is_guest":0,"slug":"admin","display_name":"Alp Aslan","avatar_url":"https:\/\/secure.gravatar.com\/avatar\/07c18c5ad3350b025db8f3328450e071acb435c703e565899c880c63362f137a?s=96&d=mm&r=g","author_category":"1","first_name":"Alp Aslan","last_name":"ER\u0130N","user_url":"http:\/\/www.gundem59.com.tr","job_title":"","description":""}],"_links":{"self":[{"href":"https:\/\/gundem59.com.tr\/index.php?rest_route=\/wp\/v2\/posts\/1504","targetHints":{"allow":["GET"]}}],"collection":[{"href":"https:\/\/gundem59.com.tr\/index.php?rest_route=\/wp\/v2\/posts"}],"about":[{"href":"https:\/\/gundem59.com.tr\/index.php?rest_route=\/wp\/v2\/types\/post"}],"author":[{"embeddable":true,"href":"https:\/\/gundem59.com.tr\/index.php?rest_route=\/wp\/v2\/users\/1"}],"replies":[{"embeddable":true,"href":"https:\/\/gundem59.com.tr\/index.php?rest_route=%2Fwp%2Fv2%2Fcomments&post=1504"}],"version-history":[{"count":1,"href":"https:\/\/gundem59.com.tr\/index.php?rest_route=\/wp\/v2\/posts\/1504\/revisions"}],"predecessor-version":[{"id":1506,"href":"https:\/\/gundem59.com.tr\/index.php?rest_route=\/wp\/v2\/posts\/1504\/revisions\/1506"}],"wp:featuredmedia":[{"embeddable":true,"href":"https:\/\/gundem59.com.tr\/index.php?rest_route=\/wp\/v2\/media\/1505"}],"wp:attachment":[{"href":"https:\/\/gundem59.com.tr\/index.php?rest_route=%2Fwp%2Fv2%2Fmedia&parent=1504"}],"wp:term":[{"taxonomy":"category","embeddable":true,"href":"https:\/\/gundem59.com.tr\/index.php?rest_route=%2Fwp%2Fv2%2Fcategories&post=1504"},{"taxonomy":"post_tag","embeddable":true,"href":"https:\/\/gundem59.com.tr\/index.php?rest_route=%2Fwp%2Fv2%2Ftags&post=1504"},{"taxonomy":"author","embeddable":true,"href":"https:\/\/gundem59.com.tr\/index.php?rest_route=%2Fwp%2Fv2%2Fppma_author&post=1504"}],"curies":[{"name":"wp","href":"https:\/\/api.w.org\/{rel}","templated":true}]}}