{"id":1496,"date":"2026-05-28T08:58:16","date_gmt":"2026-05-28T08:58:16","guid":{"rendered":"https:\/\/gundem59.com.tr\/?p=1496"},"modified":"2026-05-28T08:58:17","modified_gmt":"2026-05-28T08:58:17","slug":"vali-soyturk-kurban-bayramini-kutladi","status":"publish","type":"post","link":"https:\/\/gundem59.com.tr\/?p=1496","title":{"rendered":"Vali Soyt\u00fcrk Kurban Bayram\u0131&#8217;n\u0131 Kutlad\u0131"},"content":{"rendered":"\n<p class=\"wp-block-paragraph\">Tekirda\u011f Valisi Recep Soyt\u00fcrk, bayramda g\u00fcvenlik ve sa\u011fl\u0131k \u00e7al\u0131\u015fanlar\u0131yla bir araya geldi.<\/p>\n\n\n\n<p class=\"wp-block-paragraph\">Tekirda\u011f Valisi&nbsp;<a href=\"https:\/\/www.sondakika.com\/recep-soyturk\/\">Recep Soyt\u00fcrk<\/a>,&nbsp;<a href=\"https:\/\/www.sondakika.com\/kurban-bayrami\/\">Kurban Bayram\u0131<\/a>&nbsp;dolay\u0131s\u0131yla g\u00fcvenlik g\u00fc\u00e7leri ve sa\u011fl\u0131k \u00e7al\u0131\u015fanlar\u0131yla bir araya geldi.<\/p>\n\n\n\n<p class=\"wp-block-paragraph\">Beyazk\u00f6y Uygulama Noktas\u0131n\u0131 ziyaret eden Soyt\u00fcrk&#8217;\u00fc, \u0130l Emniyet M\u00fcd\u00fcr\u00fc Ahmet Metin Turanl\u0131 kar\u015f\u0131lad\u0131.<\/p>\n\n\n\n<p class=\"wp-block-paragraph\">Soyt\u00fcrk, noktada g\u00f6rev yapan personelin bayram\u0131n\u0131 kutlayarak, bir s\u00fcre sohbet etti.<\/p>\n\n\n\n<p class=\"wp-block-paragraph\">Ard\u0131ndan Tekirda\u011f \u0130smail Fehmi Cumal\u0131o\u011flu \u015eehir Hastanesi&#8217;ne ge\u00e7en Soyt\u00fcrk, sa\u011fl\u0131k \u00e7al\u0131\u015fanlar\u0131yla bayramla\u015ft\u0131.<\/p>\n\n\n\n<p class=\"wp-block-paragraph\">Soyt\u00fcrk, tedavi g\u00f6ren hastalara ge\u00e7mi\u015f olsun dileklerini iletti.<\/p>\n\n\n\n<p class=\"wp-block-paragraph\">Vali, Soyt\u00fcrk daha sonra S\u00fcleymanpa\u015fa Sahil Bot Komutanl\u0131\u011f\u0131&#8217;n\u0131 ziyaret ederek, personellin bayram\u0131n\u0131 kutlad\u0131.<\/p>\n","protected":false},"excerpt":{"rendered":"<p>Tekirda\u011f Valisi Recep Soyt\u00fcrk, bayramda g\u00fcvenlik ve sa\u011fl\u0131k \u00e7al\u0131\u015fanlar\u0131yla bir araya geldi. Tekirda\u011f Valisi&nbsp;Recep Soyt\u00fcrk,&nbsp;Kurban&#8230;<\/p>\n","protected":false},"author":1,"featured_media":1497,"comment_status":"closed","ping_status":"closed","sticky":false,"template":"","format":"standard","meta":{"footnotes":""},"categories":[1],"tags":[],"ppma_author":[57],"class_list":["post-1496","post","type-post","status-publish","format-standard","has-post-thumbnail","hentry","category-tekirdag-gundemi"],"authors":[{"term_id":57,"user_id":1,"is_guest":0,"slug":"admin","display_name":"Alp Aslan","avatar_url":"https:\/\/secure.gravatar.com\/avatar\/07c18c5ad3350b025db8f3328450e071acb435c703e565899c880c63362f137a?s=96&d=mm&r=g","author_category":"1","first_name":"Alp Aslan","last_name":"ER\u0130N","user_url":"http:\/\/www.gundem59.com.tr","job_title":"","description":""}],"_links":{"self":[{"href":"https:\/\/gundem59.com.tr\/index.php?rest_route=\/wp\/v2\/posts\/1496","targetHints":{"allow":["GET"]}}],"collection":[{"href":"https:\/\/gundem59.com.tr\/index.php?rest_route=\/wp\/v2\/posts"}],"about":[{"href":"https:\/\/gundem59.com.tr\/index.php?rest_route=\/wp\/v2\/types\/post"}],"author":[{"embeddable":true,"href":"https:\/\/gundem59.com.tr\/index.php?rest_route=\/wp\/v2\/users\/1"}],"replies":[{"embeddable":true,"href":"https:\/\/gundem59.com.tr\/index.php?rest_route=%2Fwp%2Fv2%2Fcomments&post=1496"}],"version-history":[{"count":1,"href":"https:\/\/gundem59.com.tr\/index.php?rest_route=\/wp\/v2\/posts\/1496\/revisions"}],"predecessor-version":[{"id":1498,"href":"https:\/\/gundem59.com.tr\/index.php?rest_route=\/wp\/v2\/posts\/1496\/revisions\/1498"}],"wp:featuredmedia":[{"embeddable":true,"href":"https:\/\/gundem59.com.tr\/index.php?rest_route=\/wp\/v2\/media\/1497"}],"wp:attachment":[{"href":"https:\/\/gundem59.com.tr\/index.php?rest_route=%2Fwp%2Fv2%2Fmedia&parent=1496"}],"wp:term":[{"taxonomy":"category","embeddable":true,"href":"https:\/\/gundem59.com.tr\/index.php?rest_route=%2Fwp%2Fv2%2Fcategories&post=1496"},{"taxonomy":"post_tag","embeddable":true,"href":"https:\/\/gundem59.com.tr\/index.php?rest_route=%2Fwp%2Fv2%2Ftags&post=1496"},{"taxonomy":"author","embeddable":true,"href":"https:\/\/gundem59.com.tr\/index.php?rest_route=%2Fwp%2Fv2%2Fppma_author&post=1496"}],"curies":[{"name":"wp","href":"https:\/\/api.w.org\/{rel}","templated":true}]}}