{"id":147,"date":"2026-03-24T00:41:22","date_gmt":"2026-03-24T00:41:22","guid":{"rendered":"https:\/\/gundem59.com.tr\/?p=147"},"modified":"2026-03-24T00:41:22","modified_gmt":"2026-03-24T00:41:22","slug":"tekirdagda-yere-dusen-turk-bayragini-opup-asti","status":"publish","type":"post","link":"https:\/\/gundem59.com.tr\/?p=147","title":{"rendered":"Tekirda\u011f\u2019da yere d\u00fc\u015fen T\u00fcrk bayra\u011f\u0131n\u0131 \u00f6p\u00fcp ast\u0131"},"content":{"rendered":"\n<p class=\"wp-block-paragraph\">Tekirda\u011f\u2019\u0131n Kapakl\u0131 il\u00e7esinde bir vatanda\u015f, yerde buldu\u011fu T\u00fcrk bayra\u011f\u0131n\u0131 temizleyip \u00f6perek yeniden yerine ast\u0131. Duyarl\u0131 davran\u0131\u015f\u0131 \u00e7evredekiler taraf\u0131ndan takdirle kar\u015f\u0131lanan vatanda\u015f\u0131n o anlar\u0131 sosyal medyada k\u0131sa s\u00fcrede yay\u0131larak be\u011feni toplad\u0131.<\/p>\n\n\n\n<p class=\"wp-block-paragraph\">Tekirda\u011f\u2019\u0131n Kapakl\u0131 il\u00e7esinde ya\u015fayan bir vatanda\u015f\u0131n, yerde buldu\u011fu T\u00fcrk bayra\u011f\u0131na g\u00f6sterdi\u011fi hassasiyet dikkat \u00e7ekti. Bayra\u011f\u0131 temizleyip \u00f6perek yerine asan vatanda\u015f\u0131n davran\u0131\u015f\u0131, \u00e7evrede duygusal anlara neden oldu.<\/p>\n\n\n\n<h2 class=\"wp-block-heading\">Yerde buldu\u011fu bayra\u011f\u0131 fark etti<\/h2>\n\n\n\n<p class=\"wp-block-paragraph\">Olay, Kapakl\u0131 il\u00e7esi Atat\u00fcrk Mahallesi\u2019nde meydana geldi. Bahattin G\u00f6kta\u015f, evinin \u00f6n\u00fcnde yere d\u00fc\u015fm\u00fc\u015f halde bulunan T\u00fcrk bayra\u011f\u0131n\u0131 fark etti ve yerden ald\u0131.<\/p>\n\n\n\n<h2 class=\"wp-block-heading\">Temizleyip \u00f6zenle yerine ast\u0131<\/h2>\n\n\n\n<p class=\"wp-block-paragraph\">G\u00f6kta\u015f, ald\u0131\u011f\u0131 bayra\u011f\u0131 temizledikten sonra \u00f6zenle yerine ast\u0131. Bayra\u011f\u0131 yerine asmadan \u00f6nce \u00f6pmesi ise \u00e7evredeki vatanda\u015flar\u0131n dikkatini \u00e7ekti.<\/p>\n\n\n\n<h2 class=\"wp-block-heading\">Duygusal anlar ya\u015fand\u0131<\/h2>\n\n\n\n<p class=\"wp-block-paragraph\">Vatanda\u015f\u0131n bu davran\u0131\u015f\u0131 \u00e7evredekiler taraf\u0131ndan takdirle kar\u015f\u0131land\u0131. O anlara tan\u0131kl\u0131k eden baz\u0131 ki\u015filer duygusal anlar ya\u015fad\u0131.<\/p>\n\n\n\n<h2 class=\"wp-block-heading\">G\u00f6r\u00fcnt\u00fcler sosyal medyada yay\u0131ld\u0131<\/h2>\n\n\n\n<p class=\"wp-block-paragraph\">Ya\u015fanan anlar k\u0131sa s\u00fcrede sosyal medyada payla\u015f\u0131ld\u0131. G\u00f6r\u00fcnt\u00fcler \u00e7ok say\u0131da kullan\u0131c\u0131 taraf\u0131ndan be\u011feni al\u0131rken, vatanda\u015f\u0131n davran\u0131\u015f\u0131 geni\u015f kesimlerce olumlu yorumland\u0131.<\/p>\n","protected":false},"excerpt":{"rendered":"<p>Tekirda\u011f\u2019\u0131n Kapakl\u0131 il\u00e7esinde bir vatanda\u015f, yerde buldu\u011fu T\u00fcrk bayra\u011f\u0131n\u0131 temizleyip \u00f6perek yeniden yerine ast\u0131. Duyarl\u0131&#8230;<\/p>\n","protected":false},"author":1,"featured_media":148,"comment_status":"open","ping_status":"open","sticky":false,"template":"","format":"standard","meta":{"footnotes":""},"categories":[7],"tags":[],"ppma_author":[57],"class_list":["post-147","post","type-post","status-publish","format-standard","has-post-thumbnail","hentry","category-kapakli"],"authors":[{"term_id":57,"user_id":1,"is_guest":0,"slug":"admin","display_name":"Alp Aslan","avatar_url":"https:\/\/secure.gravatar.com\/avatar\/07c18c5ad3350b025db8f3328450e071acb435c703e565899c880c63362f137a?s=96&d=mm&r=g","author_category":"1","first_name":"Alp Aslan","last_name":"ER\u0130N","user_url":"http:\/\/www.gundem59.com.tr","job_title":"","description":""}],"_links":{"self":[{"href":"https:\/\/gundem59.com.tr\/index.php?rest_route=\/wp\/v2\/posts\/147","targetHints":{"allow":["GET"]}}],"collection":[{"href":"https:\/\/gundem59.com.tr\/index.php?rest_route=\/wp\/v2\/posts"}],"about":[{"href":"https:\/\/gundem59.com.tr\/index.php?rest_route=\/wp\/v2\/types\/post"}],"author":[{"embeddable":true,"href":"https:\/\/gundem59.com.tr\/index.php?rest_route=\/wp\/v2\/users\/1"}],"replies":[{"embeddable":true,"href":"https:\/\/gundem59.com.tr\/index.php?rest_route=%2Fwp%2Fv2%2Fcomments&post=147"}],"version-history":[{"count":1,"href":"https:\/\/gundem59.com.tr\/index.php?rest_route=\/wp\/v2\/posts\/147\/revisions"}],"predecessor-version":[{"id":149,"href":"https:\/\/gundem59.com.tr\/index.php?rest_route=\/wp\/v2\/posts\/147\/revisions\/149"}],"wp:featuredmedia":[{"embeddable":true,"href":"https:\/\/gundem59.com.tr\/index.php?rest_route=\/wp\/v2\/media\/148"}],"wp:attachment":[{"href":"https:\/\/gundem59.com.tr\/index.php?rest_route=%2Fwp%2Fv2%2Fmedia&parent=147"}],"wp:term":[{"taxonomy":"category","embeddable":true,"href":"https:\/\/gundem59.com.tr\/index.php?rest_route=%2Fwp%2Fv2%2Fcategories&post=147"},{"taxonomy":"post_tag","embeddable":true,"href":"https:\/\/gundem59.com.tr\/index.php?rest_route=%2Fwp%2Fv2%2Ftags&post=147"},{"taxonomy":"author","embeddable":true,"href":"https:\/\/gundem59.com.tr\/index.php?rest_route=%2Fwp%2Fv2%2Fppma_author&post=147"}],"curies":[{"name":"wp","href":"https:\/\/api.w.org\/{rel}","templated":true}]}}