{"id":1414,"date":"2026-05-27T18:33:02","date_gmt":"2026-05-27T18:33:02","guid":{"rendered":"https:\/\/gundem59.com.tr\/?p=1414"},"modified":"2026-05-27T18:33:02","modified_gmt":"2026-05-27T18:33:02","slug":"candan-baskandan-yogun-bayram-mesaisi","status":"publish","type":"post","link":"https:\/\/gundem59.com.tr\/?p=1414","title":{"rendered":"CANDAN BA\u015eKAN&#8217;DAN YO\u011eUN BAYRAM MESA\u0130S\u0130"},"content":{"rendered":"\n<p class=\"wp-block-paragraph\">Tekirda\u011f B\u00fcy\u00fck\u015fehir Belediye Ba\u015fkan\u0131 Dr. Candan Y\u00fcceer, Kurban Bayram\u0131 arifesinde ger\u00e7ekle\u015ftirdi\u011fi ziyaret programlar\u0131 kapsam\u0131nda vatanda\u015flar, personel ve Cumhuriyet Halk Partisi \u00f6rg\u00fctleriyle bir araya gelerek bayram sevincini payla\u015ft\u0131. \u00c7erkezk\u00f6y, Kapakl\u0131 ve Tekirda\u011f merkezde g\u00fcn boyu s\u00fcren programlarda birlik, beraberlik ve dayan\u0131\u015fma mesajlar\u0131 \u00f6ne \u00e7\u0131kt\u0131.<\/p>\n\n\n\n<p class=\"wp-block-paragraph\">Arife g\u00fcn\u00fc ziyaretlerine Cumhuriyet Halk Partisi \u00c7erkezk\u00f6y \u0130l\u00e7e Ba\u015fkanl\u0131\u011f\u0131\u2019nda d\u00fczenlenen bayramla\u015fma program\u0131yla ba\u015flayan Candan Ba\u015fkan, burada partililerle bayramla\u015ft\u0131 ve birlik, beraberlik ve dayan\u0131\u015fma i\u00e7erisinde daha nice bayramlarda bir arada olma temennisinde bulundu. Daha sonra \u00c7erkezk\u00f6y Kent Park\u2019ta B\u00fcy\u00fck\u015fehir Belediyesi personeli ve vatanda\u015flarla bulu\u015fan Ba\u015fkan Y\u00fcceer, Tekirda\u011f i\u00e7in birlik ve beraberlik i\u00e7erisinde \u00e7al\u0131\u015fmay\u0131 s\u00fcrd\u00fcrd\u00fcklerini belirterek t\u00fcm vatanda\u015flar\u0131n Kurban Bayram\u0131\u2019n\u0131 kutlad\u0131.<\/p>\n\n\n\n<p class=\"wp-block-paragraph\">Program kapsam\u0131nda Kapakl\u0131 il\u00e7esini de ziyaret eden Candan Ba\u015fkan, CHP Kapakl\u0131 \u0130l\u00e7e Ba\u015fkanl\u0131\u011f\u0131\u2019n\u0131n bayramla\u015fma program\u0131nda partililerle bir araya geldi. Burada bayramlar\u0131n dayan\u0131\u015fma ve karde\u015flik duygular\u0131n\u0131 g\u00fc\u00e7lendirdi\u011fini vurgulayan Ba\u015fkan Y\u00fcceer, nice bayramlarda ayn\u0131 birlik ruhuyla bulu\u015fma temennisinde bulundu.<\/p>\n","protected":false},"excerpt":{"rendered":"<p>Tekirda\u011f B\u00fcy\u00fck\u015fehir Belediye Ba\u015fkan\u0131 Dr. Candan Y\u00fcceer, Kurban Bayram\u0131 arifesinde ger\u00e7ekle\u015ftirdi\u011fi ziyaret programlar\u0131 kapsam\u0131nda vatanda\u015flar,&#8230;<\/p>\n","protected":false},"author":1,"featured_media":1415,"comment_status":"closed","ping_status":"closed","sticky":false,"template":"","format":"standard","meta":{"footnotes":""},"categories":[1],"tags":[],"ppma_author":[57],"class_list":["post-1414","post","type-post","status-publish","format-standard","has-post-thumbnail","hentry","category-tekirdag-gundemi"],"authors":[{"term_id":57,"user_id":1,"is_guest":0,"slug":"admin","display_name":"Alp Aslan","avatar_url":"https:\/\/secure.gravatar.com\/avatar\/07c18c5ad3350b025db8f3328450e071acb435c703e565899c880c63362f137a?s=96&d=mm&r=g","author_category":"1","first_name":"Alp Aslan","last_name":"ER\u0130N","user_url":"http:\/\/www.gundem59.com.tr","job_title":"","description":""}],"_links":{"self":[{"href":"https:\/\/gundem59.com.tr\/index.php?rest_route=\/wp\/v2\/posts\/1414","targetHints":{"allow":["GET"]}}],"collection":[{"href":"https:\/\/gundem59.com.tr\/index.php?rest_route=\/wp\/v2\/posts"}],"about":[{"href":"https:\/\/gundem59.com.tr\/index.php?rest_route=\/wp\/v2\/types\/post"}],"author":[{"embeddable":true,"href":"https:\/\/gundem59.com.tr\/index.php?rest_route=\/wp\/v2\/users\/1"}],"replies":[{"embeddable":true,"href":"https:\/\/gundem59.com.tr\/index.php?rest_route=%2Fwp%2Fv2%2Fcomments&post=1414"}],"version-history":[{"count":1,"href":"https:\/\/gundem59.com.tr\/index.php?rest_route=\/wp\/v2\/posts\/1414\/revisions"}],"predecessor-version":[{"id":1416,"href":"https:\/\/gundem59.com.tr\/index.php?rest_route=\/wp\/v2\/posts\/1414\/revisions\/1416"}],"wp:featuredmedia":[{"embeddable":true,"href":"https:\/\/gundem59.com.tr\/index.php?rest_route=\/wp\/v2\/media\/1415"}],"wp:attachment":[{"href":"https:\/\/gundem59.com.tr\/index.php?rest_route=%2Fwp%2Fv2%2Fmedia&parent=1414"}],"wp:term":[{"taxonomy":"category","embeddable":true,"href":"https:\/\/gundem59.com.tr\/index.php?rest_route=%2Fwp%2Fv2%2Fcategories&post=1414"},{"taxonomy":"post_tag","embeddable":true,"href":"https:\/\/gundem59.com.tr\/index.php?rest_route=%2Fwp%2Fv2%2Ftags&post=1414"},{"taxonomy":"author","embeddable":true,"href":"https:\/\/gundem59.com.tr\/index.php?rest_route=%2Fwp%2Fv2%2Fppma_author&post=1414"}],"curies":[{"name":"wp","href":"https:\/\/api.w.org\/{rel}","templated":true}]}}