{"id":1411,"date":"2026-05-27T18:30:07","date_gmt":"2026-05-27T18:30:07","guid":{"rendered":"https:\/\/gundem59.com.tr\/?p=1411"},"modified":"2026-05-27T18:30:08","modified_gmt":"2026-05-27T18:30:08","slug":"corlu-suleymanpasa-guzergahinda-yeni-toplu-tasima-hizmeti-basliyor","status":"publish","type":"post","link":"https:\/\/gundem59.com.tr\/?p=1411","title":{"rendered":"\u00c7ORLU-S\u00dcLEYMANPA\u015eA G\u00dcZERG\u00c2HINDA YEN\u0130 TOPLU TA\u015eIMA H\u0130ZMET\u0130 BA\u015eLIYOR"},"content":{"rendered":"\n<p class=\"wp-block-paragraph\">Tekirda\u011f B\u00fcy\u00fck\u015fehir Belediyesi, \u00c7orlu ve S\u00fcleymanpa\u015fa il\u00e7elerini \u00f6nemli noktalardan ge\u00e7erek birbirine ba\u011flayacak olan 28 numaral\u0131 yeni otob\u00fcs hatt\u0131n\u0131 hizmete al\u0131yor. Kurban Bayram\u0131\u2019n\u0131n ikinci g\u00fcn\u00fc seferlerine ba\u015flayacak olan yeni hat, bayram s\u00fcresince vatanda\u015flara \u00fccretsiz ula\u015f\u0131m imk\u00e2n\u0131 sunacak.<\/p>\n\n\n\n<p class=\"wp-block-paragraph\">B\u00fcy\u00fck\u015fehir Belediyesi, kent genelindeki ula\u015f\u0131m a\u011f\u0131n\u0131 geni\u015fletme ve vatanda\u015flar\u0131n seyahatlerini kolayla\u015ft\u0131rma \u00e7al\u0131\u015fmalar\u0131 kapsam\u0131nda TEKULA\u015e b\u00fcnyesinde yeni bir hatt\u0131 daha hizmete al\u0131yor. Konforlu, g\u00fcvenli ve kesintisiz ula\u015f\u0131m hedefiyle hayata ge\u00e7irilen 28 numaral\u0131 yeni hat, 28 May\u0131s 2026 Per\u015fembe g\u00fcn\u00fc itibar\u0131yla ilk seferlerine \u00e7\u0131kacak. Kurban Bayram\u0131\u2019n\u0131n ikinci g\u00fcn\u00fcne denk gelen a\u00e7\u0131l\u0131\u015fla birlikte, bayram boyunca TEKULA\u015e\u2019a ba\u011fl\u0131 di\u011fer t\u00fcm toplu ta\u015f\u0131ma ara\u00e7lar\u0131nda oldu\u011fu gibi bu yeni hatta da ula\u015f\u0131m tamamen \u00fccretsiz olacak.<\/p>\n\n\n\n<p class=\"wp-block-paragraph\">Tekirda\u011f B\u00fcy\u00fck\u015fehir Belediye Ba\u015fkan\u0131 Dr. Candan Y\u00fcceer\u2019in vizyonuyla hayata ge\u00e7irilen yeni hat, \u00f6zellikle n\u00fcfus yo\u011funlu\u011funun y\u00fcksek oldu\u011fu \u00c7orlu ve S\u00fcleymanpa\u015fa il\u00e7elerini birbirine ba\u011flarken, yol \u00fcst\u00fcndeki kritik noktalara da eri\u015fim sa\u011flayacak. \u00c7orlu Otogar\u2019dan hareket edecek olan otob\u00fcsler, s\u0131ras\u0131yla Seymen, Marmaraere\u011flisi, Yeni\u00e7iftlik, \u00c7e\u015fmeli Sahil, Nam\u0131k Kemal \u00dcniversitesi Hastanesi ve \u015eehir Hastanesi g\u00fczerg\u00e2h\u0131n\u0131 takip ederek S\u00fcleymanpa\u015fa Otogar\u0131\u2019na ula\u015facak. Bu sayede vatanda\u015flar, tek bir hat \u00fczerinden hem hastane ula\u015f\u0131mlar\u0131n\u0131 hem de sahil \u015feridindeki seyahatlerini kolayl\u0131kla ger\u00e7ekle\u015ftirebilecek.<\/p>\n\n\n\n<p class=\"wp-block-paragraph\">G\u00fcnde kar\u015f\u0131l\u0131kl\u0131 4 sefer olarak planlanan hatt\u0131n hareket saatleri de her iki il\u00e7e i\u00e7in senkronize \u015fekilde belirlendi. Hem \u00c7orlu hem de S\u00fcleymanpa\u015fa kalk\u0131\u015f noktalar\u0131ndan sabah saat 07.30\u2019da ba\u015flayacak olan seferler, g\u00fcn i\u00e7inde 11.00, 14.30 ve son olarak 18.00 saatlerinde ger\u00e7ekle\u015ftirilecek.<\/p>\n","protected":false},"excerpt":{"rendered":"<p>Tekirda\u011f B\u00fcy\u00fck\u015fehir Belediyesi, \u00c7orlu ve S\u00fcleymanpa\u015fa il\u00e7elerini \u00f6nemli noktalardan ge\u00e7erek birbirine ba\u011flayacak olan 28 numaral\u0131&#8230;<\/p>\n","protected":false},"author":1,"featured_media":1412,"comment_status":"closed","ping_status":"closed","sticky":false,"template":"","format":"standard","meta":{"footnotes":""},"categories":[5,1],"tags":[],"ppma_author":[57],"class_list":["post-1411","post","type-post","status-publish","format-standard","has-post-thumbnail","hentry","category-corlu","category-tekirdag-gundemi"],"authors":[{"term_id":57,"user_id":1,"is_guest":0,"slug":"admin","display_name":"Alp Aslan","avatar_url":"https:\/\/secure.gravatar.com\/avatar\/07c18c5ad3350b025db8f3328450e071acb435c703e565899c880c63362f137a?s=96&d=mm&r=g","author_category":"1","first_name":"Alp Aslan","last_name":"ER\u0130N","user_url":"http:\/\/www.gundem59.com.tr","job_title":"","description":""}],"_links":{"self":[{"href":"https:\/\/gundem59.com.tr\/index.php?rest_route=\/wp\/v2\/posts\/1411","targetHints":{"allow":["GET"]}}],"collection":[{"href":"https:\/\/gundem59.com.tr\/index.php?rest_route=\/wp\/v2\/posts"}],"about":[{"href":"https:\/\/gundem59.com.tr\/index.php?rest_route=\/wp\/v2\/types\/post"}],"author":[{"embeddable":true,"href":"https:\/\/gundem59.com.tr\/index.php?rest_route=\/wp\/v2\/users\/1"}],"replies":[{"embeddable":true,"href":"https:\/\/gundem59.com.tr\/index.php?rest_route=%2Fwp%2Fv2%2Fcomments&post=1411"}],"version-history":[{"count":1,"href":"https:\/\/gundem59.com.tr\/index.php?rest_route=\/wp\/v2\/posts\/1411\/revisions"}],"predecessor-version":[{"id":1413,"href":"https:\/\/gundem59.com.tr\/index.php?rest_route=\/wp\/v2\/posts\/1411\/revisions\/1413"}],"wp:featuredmedia":[{"embeddable":true,"href":"https:\/\/gundem59.com.tr\/index.php?rest_route=\/wp\/v2\/media\/1412"}],"wp:attachment":[{"href":"https:\/\/gundem59.com.tr\/index.php?rest_route=%2Fwp%2Fv2%2Fmedia&parent=1411"}],"wp:term":[{"taxonomy":"category","embeddable":true,"href":"https:\/\/gundem59.com.tr\/index.php?rest_route=%2Fwp%2Fv2%2Fcategories&post=1411"},{"taxonomy":"post_tag","embeddable":true,"href":"https:\/\/gundem59.com.tr\/index.php?rest_route=%2Fwp%2Fv2%2Ftags&post=1411"},{"taxonomy":"author","embeddable":true,"href":"https:\/\/gundem59.com.tr\/index.php?rest_route=%2Fwp%2Fv2%2Fppma_author&post=1411"}],"curies":[{"name":"wp","href":"https:\/\/api.w.org\/{rel}","templated":true}]}}