{"id":1405,"date":"2026-05-27T18:14:45","date_gmt":"2026-05-27T18:14:45","guid":{"rendered":"https:\/\/gundem59.com.tr\/?p=1405"},"modified":"2026-05-27T18:14:45","modified_gmt":"2026-05-27T18:14:45","slug":"candan-baskan-gelecegin-cerkezkoyunu-insa-ediyoruz","status":"publish","type":"post","link":"https:\/\/gundem59.com.tr\/?p=1405","title":{"rendered":"Candan Ba\u015fkan: &#8220;Gelece\u011fin \u00c7erkezk\u00f6y&#8217;\u00fcn\u00fc \u0130n\u015fa Ediyoruz&#8221;"},"content":{"rendered":"\n<p class=\"wp-block-paragraph\">Tekirda\u011f B\u00fcy\u00fck\u015fehir Belediyesi ile Tekirda\u011f<a href=\"https:\/\/www.babaeskisozgazetesi.com\/haber\/Su-ve-Kanalizasyon\/\">&nbsp;Su ve<\/a><a href=\"https:\/\/www.babaeskisozgazetesi.com\/haber\/kanalizasyon\/\">&nbsp;kanalizasyon&nbsp;<\/a>\u0130daresi Genel M\u00fcd\u00fcrl\u00fc\u011f\u00fc (TESK\u0130), \u00c7erkezk\u00f6y genelinde altyap\u0131s\u0131 tamamlanan b\u00f6lgelerde \u00fcstyap\u0131 \u00e7al\u0131\u015fmalar\u0131n\u0131 h\u0131z kesmeden s\u00fcrd\u00fcr\u00fcyor. \u0130l\u00e7e genelinde planlanan<a href=\"https:\/\/www.babaeskisozgazetesi.com\/haber\/115-cadde\/\">&nbsp;115 cadde&nbsp;<\/a>ve sokakta y\u00fcr\u00fct\u00fclen yol yenileme ve asfaltlama \u00e7al\u0131\u015fmalar\u0131 etap etap hayata ge\u00e7iriliyor.<\/p>\n\n\n\n<p class=\"wp-block-paragraph\"><strong>Altyap\u0131s\u0131 Tamamlanan B\u00f6lgelerde \u00dcstyap\u0131 Seferberli\u011fi<\/strong><\/p>\n\n\n\n<p class=\"wp-block-paragraph\">TESK\u0130 taraf\u0131ndan y\u00fcr\u00fct\u00fclen i\u00e7me suyu, kanalizasyon ve<a href=\"https:\/\/www.babaeskisozgazetesi.com\/haber\/ya%C4%9Fmur-suyu\/\">&nbsp;ya\u011fmur suyu&nbsp;<\/a>hatt\u0131 \u00e7al\u0131\u015fmalar\u0131n\u0131n tamamland\u0131\u011f\u0131 noktalarda, bozulan yol y\u00fczeyleri yeniden ele al\u0131n\u0131yor. Bu kapsamda altyap\u0131 sonras\u0131 olu\u015fan deformasyonlar giderilerek b\u00f6lgeler modern ula\u015f\u0131m standartlar\u0131na uygun hale getiriliyor. Tekirda\u011f B\u00fcy\u00fck\u015fehir Belediyesi, altyap\u0131 ve \u00fcstyap\u0131y\u0131 birlikte ele alan b\u00fct\u00fcnc\u00fcl bir kentle\u015fme modeli uyguluyor.<\/p>\n\n\n\n<p class=\"wp-block-paragraph\"><strong>Ekipler Sahada Koordineli \u00c7al\u0131\u015f\u0131yor<\/strong><\/p>\n\n\n\n<p class=\"wp-block-paragraph\">\u00c7al\u0131\u015fmalar, TESK\u0130 ve Tekirda\u011f B\u00fcy\u00fck\u015fehir Belediyesi<a href=\"https:\/\/www.babaeskisozgazetesi.com\/haber\/Fen-%C4%B0%C5%9Fleri-Dairesi\/\">&nbsp;Fen \u0130\u015fleri Dairesi&nbsp;<\/a>Ba\u015fkanl\u0131\u011f\u0131 ekiplerinin koordinasyonu ile y\u00fcr\u00fct\u00fcl\u00fcyor. \u00d6ncelikle zemin g\u00fc\u00e7lendirme, beton ve has\u0131r donat\u0131 imalatlar\u0131 tamamlan\u0131yor. Ard\u0131ndan s\u0131cak asfalt serimi ile yollar daha g\u00fcvenli ve konforlu hale getiriliyor. \u0130l\u00e7e genelinde planlanan 115 cadde ve sokaktan yakla\u015f\u0131k 30\u2019unda \u00e7al\u0131\u015fmalar\u0131n tamamland\u0131\u011f\u0131 bildirildi.<\/p>\n\n\n\n<figure class=\"wp-block-image\"><img  title=\"\" decoding=\"async\" src=\"https:\/\/www.babaeskisozgazetesi.com\/images\/files\/2026\/05\/6a14434dba58a.jpg\"  alt=\"6a14434dba58a Candan Ba\u015fkan: &quot;Gelece\u011fin \u00c7erkezk\u00f6y&#039;\u00fcn\u00fc \u0130n\u015fa Ediyoruz&quot;\" \/><\/figure>\n\n\n\n<p class=\"wp-block-paragraph\"><strong>Candan Y\u00fcceer: \u201cG\u00fc\u00e7l\u00fc Altyap\u0131, G\u00fc\u00e7l\u00fc Gelecek Demektir\u201d<\/strong><\/p>\n\n\n\n<p class=\"wp-block-paragraph\">Candan Y\u00fcceer, \u00c7erkezk\u00f6y\u2019de y\u00fcr\u00fct\u00fclen \u00e7al\u0131\u015fmalara ili\u015fkin yapt\u0131\u011f\u0131 de\u011ferlendirmede altyap\u0131 ve \u00fcstyap\u0131n\u0131n bir b\u00fct\u00fcn olarak ele al\u0131nmas\u0131 gerekti\u011fini vurgulad\u0131. Y\u00fcceer, \u201cHem altyap\u0131s\u0131 hem \u00fcstyap\u0131s\u0131 g\u00fc\u00e7l\u00fc, ya\u015fanabilir bir \u00c7erkezk\u00f6y i\u00e7in \u00e7al\u0131\u015fmalar\u0131m\u0131z\u0131 aral\u0131ks\u0131z s\u00fcrd\u00fcr\u00fcyoruz\u201d ifadelerini kulland\u0131.<\/p>\n\n\n\n<p class=\"wp-block-paragraph\"><strong>115 Cadde ve Sokakta Planl\u0131 D\u00f6n\u00fc\u015f\u00fcm<\/strong><\/p>\n\n\n\n<p class=\"wp-block-paragraph\">\u0130l\u00e7e genelinde belirlenen 115 cadde ve sokakta y\u00fcr\u00fct\u00fclen \u00fcstyap\u0131 yenileme \u00e7al\u0131\u015fmalar\u0131n\u0131n planl\u0131 bir program \u00e7er\u00e7evesinde devam etti\u011fi belirtildi. Altyap\u0131 imalatlar\u0131 tamamlanan b\u00f6lgelerde \u00e7al\u0131\u015fmalar h\u0131zla ilerlerken, vatanda\u015flar\u0131n g\u00fcnl\u00fck ya\u015fam konforunun art\u0131r\u0131lmas\u0131 hedefleniyor.<\/p>\n\n\n\n<p class=\"wp-block-paragraph\"><strong>Modern ve Ya\u015fanabilir \u00c7erkezk\u00f6y Hedefi<\/strong><\/p>\n\n\n\n<p class=\"wp-block-paragraph\">Tekirda\u011f B\u00fcy\u00fck\u015fehir Belediyesi, \u00c7erkezk\u00f6y\u2019de s\u00fcrd\u00fcr\u00fclen altyap\u0131 ve \u00fcstyap\u0131 yat\u0131r\u0131mlar\u0131yla il\u00e7eyi daha modern, g\u00fcvenli ve ya\u015fanabilir bir kent haline getirmeyi ama\u00e7l\u0131yor. \u00c7al\u0131\u015fmalar\u0131n tamamlanmas\u0131yla birlikte ula\u015f\u0131m konforunun artmas\u0131 ve \u015fehir esteti\u011finin g\u00fc\u00e7lenmesiHABER MERKEZ\u0130<\/p>\n","protected":false},"excerpt":{"rendered":"<p>Tekirda\u011f B\u00fcy\u00fck\u015fehir Belediyesi ile Tekirda\u011f&nbsp;Su ve&nbsp;kanalizasyon&nbsp;\u0130daresi Genel M\u00fcd\u00fcrl\u00fc\u011f\u00fc (TESK\u0130), \u00c7erkezk\u00f6y genelinde altyap\u0131s\u0131 tamamlanan b\u00f6lgelerde \u00fcstyap\u0131&#8230;<\/p>\n","protected":false},"author":1,"featured_media":1406,"comment_status":"closed","ping_status":"closed","sticky":false,"template":"","format":"standard","meta":{"footnotes":""},"categories":[6,1],"tags":[],"ppma_author":[57],"class_list":["post-1405","post","type-post","status-publish","format-standard","has-post-thumbnail","hentry","category-cerkezkoy","category-tekirdag-gundemi"],"authors":[{"term_id":57,"user_id":1,"is_guest":0,"slug":"admin","display_name":"Alp Aslan","avatar_url":"https:\/\/secure.gravatar.com\/avatar\/07c18c5ad3350b025db8f3328450e071acb435c703e565899c880c63362f137a?s=96&d=mm&r=g","author_category":"1","first_name":"Alp Aslan","last_name":"ER\u0130N","user_url":"http:\/\/www.gundem59.com.tr","job_title":"","description":""}],"_links":{"self":[{"href":"https:\/\/gundem59.com.tr\/index.php?rest_route=\/wp\/v2\/posts\/1405","targetHints":{"allow":["GET"]}}],"collection":[{"href":"https:\/\/gundem59.com.tr\/index.php?rest_route=\/wp\/v2\/posts"}],"about":[{"href":"https:\/\/gundem59.com.tr\/index.php?rest_route=\/wp\/v2\/types\/post"}],"author":[{"embeddable":true,"href":"https:\/\/gundem59.com.tr\/index.php?rest_route=\/wp\/v2\/users\/1"}],"replies":[{"embeddable":true,"href":"https:\/\/gundem59.com.tr\/index.php?rest_route=%2Fwp%2Fv2%2Fcomments&post=1405"}],"version-history":[{"count":1,"href":"https:\/\/gundem59.com.tr\/index.php?rest_route=\/wp\/v2\/posts\/1405\/revisions"}],"predecessor-version":[{"id":1407,"href":"https:\/\/gundem59.com.tr\/index.php?rest_route=\/wp\/v2\/posts\/1405\/revisions\/1407"}],"wp:featuredmedia":[{"embeddable":true,"href":"https:\/\/gundem59.com.tr\/index.php?rest_route=\/wp\/v2\/media\/1406"}],"wp:attachment":[{"href":"https:\/\/gundem59.com.tr\/index.php?rest_route=%2Fwp%2Fv2%2Fmedia&parent=1405"}],"wp:term":[{"taxonomy":"category","embeddable":true,"href":"https:\/\/gundem59.com.tr\/index.php?rest_route=%2Fwp%2Fv2%2Fcategories&post=1405"},{"taxonomy":"post_tag","embeddable":true,"href":"https:\/\/gundem59.com.tr\/index.php?rest_route=%2Fwp%2Fv2%2Ftags&post=1405"},{"taxonomy":"author","embeddable":true,"href":"https:\/\/gundem59.com.tr\/index.php?rest_route=%2Fwp%2Fv2%2Fppma_author&post=1405"}],"curies":[{"name":"wp","href":"https:\/\/api.w.org\/{rel}","templated":true}]}}