{"id":1396,"date":"2026-05-27T18:03:47","date_gmt":"2026-05-27T18:03:47","guid":{"rendered":"https:\/\/gundem59.com.tr\/?p=1396"},"modified":"2026-05-27T18:03:48","modified_gmt":"2026-05-27T18:03:48","slug":"baskan-yuceer-bayramlasma-programlarina-katildi","status":"publish","type":"post","link":"https:\/\/gundem59.com.tr\/?p=1396","title":{"rendered":"Ba\u015fkan Y\u00fcceer, bayramla\u015fma programlar\u0131na kat\u0131ld\u0131"},"content":{"rendered":"\n<p class=\"wp-block-paragraph\">TEK\u0130RDA\u011e B\u00fcy\u00fck\u015fehir Belediye Ba\u015fkan\u0131 Dr. Candan Y\u00fcceer, Kurban Bayram\u0131 arifesinde ger\u00e7ekle\u015ftirdi\u011fi ziyaret programlar\u0131 kapsam\u0131nda vatanda\u015flar, personel ve Cumhuriyet Halk Partisi \u00f6rg\u00fctleriyle bir araya gelerek bayram sevincini payla\u015ft\u0131.<\/p>\n\n\n\n<p class=\"wp-block-paragraph\">Tekirda\u011f B\u00fcy\u00fck\u015fehir Belediye Ba\u015fkan\u0131 Candan Y\u00fcceer, il merkezi, \u00c7erkezk\u00f6y ve Kapakl\u0131&#8217;da d\u00fczenlenen bayramla\u015fma programlar\u0131na kat\u0131ld\u0131. Arife g\u00fcn\u00fc ziyaretlerine Cumhuriyet Halk Partisi \u00c7erkezk\u00f6y \u0130l\u00e7e Ba\u015fkanl\u0131\u011f\u0131\u2019nda d\u00fczenlenen bayramla\u015fma program\u0131yla ba\u015flayan Y\u00fcceer, burada partililerle bayramla\u015ft\u0131 ve birlik, beraberlik ve dayan\u0131\u015fma i\u00e7erisinde daha nice bayramlarda bir arada olma temennisinde bulundu. Daha sonra \u00c7erkezk\u00f6y Kent Park\u2019ta B\u00fcy\u00fck\u015fehir Belediyesi personeli ve vatanda\u015flarla bulu\u015fan Y\u00fcceer, Tekirda\u011f i\u00e7in birlik ve beraberlik i\u00e7erisinde \u00e7al\u0131\u015fmay\u0131 s\u00fcrd\u00fcrd\u00fcklerini belirterek t\u00fcm vatanda\u015flar\u0131n Kurban Bayram\u0131\u2019n\u0131 kutlad\u0131.<\/p>\n\n\n\n<p class=\"wp-block-paragraph\">Program kapsam\u0131nda Kapakl\u0131 il\u00e7esini de ziyaret eden Ba\u015fkan Y\u00fcceer, CHP Kapakl\u0131 \u0130l\u00e7e Ba\u015fkanl\u0131\u011f\u0131\u2019n\u0131n bayramla\u015fma program\u0131nda partililerle bir araya geldi. Burada bayramlar\u0131n dayan\u0131\u015fma ve karde\u015flik duygular\u0131n\u0131 g\u00fc\u00e7lendirdi\u011fini vurgulayan Y\u00fcceer, nice bayramlarda ayn\u0131 birlik ruhuyla bulu\u015fma temennisinde bulundu. Arife g\u00fcn\u00fcn\u00fcn manevi atmosferinde \u00c7erkezk\u00f6y \u0130stasyon Mezarl\u0131\u011f\u0131\u2019nda kabir ziyareti ger\u00e7ekle\u015ftiren vatanda\u015flarla da bayramla\u015fan Y\u00fcceer, \u015fehitleri ve hayat\u0131n\u0131 kaybeden vatanda\u015flar\u0131 dualarla and\u0131. Vatanda\u015flarla sohbet eden Y\u00fcceer, sa\u011fl\u0131k, huzur ve dayan\u0131\u015fma i\u00e7erisinde nice bayramlar ge\u00e7irilmesi dile\u011finde bulundu.<\/p>\n\n\n\n<p class=\"wp-block-paragraph\">G\u00fcn\u00fcn son program\u0131nda CHP Tekirda\u011f \u0130l Ba\u015fkanl\u0131\u011f\u0131\u2019n\u0131n d\u00fczenledi\u011fi bayramla\u015fma t\u00f6renine kat\u0131lan Ba\u015fkan Y\u00fcceer, il y\u00f6netimi ve partililerle bayram sevincini payla\u015farak birlik ve beraberlik mesaj\u0131 verdi.<\/p>\n","protected":false},"excerpt":{"rendered":"<p>TEK\u0130RDA\u011e B\u00fcy\u00fck\u015fehir Belediye Ba\u015fkan\u0131 Dr. Candan Y\u00fcceer, Kurban Bayram\u0131 arifesinde ger\u00e7ekle\u015ftirdi\u011fi ziyaret programlar\u0131 kapsam\u0131nda vatanda\u015flar,&#8230;<\/p>\n","protected":false},"author":1,"featured_media":1397,"comment_status":"closed","ping_status":"closed","sticky":false,"template":"","format":"standard","meta":{"footnotes":""},"categories":[1],"tags":[],"ppma_author":[57],"class_list":["post-1396","post","type-post","status-publish","format-standard","has-post-thumbnail","hentry","category-tekirdag-gundemi"],"authors":[{"term_id":57,"user_id":1,"is_guest":0,"slug":"admin","display_name":"Alp Aslan","avatar_url":"https:\/\/secure.gravatar.com\/avatar\/07c18c5ad3350b025db8f3328450e071acb435c703e565899c880c63362f137a?s=96&d=mm&r=g","author_category":"1","first_name":"Alp Aslan","last_name":"ER\u0130N","user_url":"http:\/\/www.gundem59.com.tr","job_title":"","description":""}],"_links":{"self":[{"href":"https:\/\/gundem59.com.tr\/index.php?rest_route=\/wp\/v2\/posts\/1396","targetHints":{"allow":["GET"]}}],"collection":[{"href":"https:\/\/gundem59.com.tr\/index.php?rest_route=\/wp\/v2\/posts"}],"about":[{"href":"https:\/\/gundem59.com.tr\/index.php?rest_route=\/wp\/v2\/types\/post"}],"author":[{"embeddable":true,"href":"https:\/\/gundem59.com.tr\/index.php?rest_route=\/wp\/v2\/users\/1"}],"replies":[{"embeddable":true,"href":"https:\/\/gundem59.com.tr\/index.php?rest_route=%2Fwp%2Fv2%2Fcomments&post=1396"}],"version-history":[{"count":1,"href":"https:\/\/gundem59.com.tr\/index.php?rest_route=\/wp\/v2\/posts\/1396\/revisions"}],"predecessor-version":[{"id":1398,"href":"https:\/\/gundem59.com.tr\/index.php?rest_route=\/wp\/v2\/posts\/1396\/revisions\/1398"}],"wp:featuredmedia":[{"embeddable":true,"href":"https:\/\/gundem59.com.tr\/index.php?rest_route=\/wp\/v2\/media\/1397"}],"wp:attachment":[{"href":"https:\/\/gundem59.com.tr\/index.php?rest_route=%2Fwp%2Fv2%2Fmedia&parent=1396"}],"wp:term":[{"taxonomy":"category","embeddable":true,"href":"https:\/\/gundem59.com.tr\/index.php?rest_route=%2Fwp%2Fv2%2Fcategories&post=1396"},{"taxonomy":"post_tag","embeddable":true,"href":"https:\/\/gundem59.com.tr\/index.php?rest_route=%2Fwp%2Fv2%2Ftags&post=1396"},{"taxonomy":"author","embeddable":true,"href":"https:\/\/gundem59.com.tr\/index.php?rest_route=%2Fwp%2Fv2%2Fppma_author&post=1396"}],"curies":[{"name":"wp","href":"https:\/\/api.w.org\/{rel}","templated":true}]}}