{"id":136,"date":"2026-03-24T00:20:59","date_gmt":"2026-03-24T00:20:59","guid":{"rendered":"https:\/\/gundem59.com.tr\/?p=136"},"modified":"2026-03-24T00:27:53","modified_gmt":"2026-03-24T00:27:53","slug":"aak-parti-tekirdag-milletvekili-mestan-ozcandan-esnaf-ziyareti","status":"publish","type":"post","link":"https:\/\/gundem59.com.tr\/?p=136","title":{"rendered":"AK PART\u0130 TEK\u0130RDA\u011e M\u0130LLETVEK\u0130L\u0130 MESTAN \u00d6ZCAN&#8217;DAN ESNAF Z\u0130YARET\u0130"},"content":{"rendered":"\n<p class=\"wp-block-paragraph\">Tekirda\u011f\u2019\u0131m\u0131z\u0131n kalbi \u00e7ar\u015f\u0131da, k\u0131ymetli esnaf karde\u015flerimizle bir araya geldik.<br>Al\u0131n teriyle, eme\u011fiyle bu \u015fehrin y\u00fck\u00fcn\u00fc omuzlayan esnaf\u0131m\u0131z\u0131n her biri, ekonomimizin de, toplumsal hayat\u0131m\u0131z\u0131n da temel dire\u011fidir.<\/p>\n\n\n\n<p class=\"wp-block-paragraph\">G\u00f6n\u00fclden bir \u201chay\u0131rl\u0131 i\u015fler\u201d diyerek kap\u0131lar\u0131n\u0131 \u00e7ald\u0131k, sohbet ettik, taleplerini dinledik.<br>Esnaf\u0131m\u0131z\u0131n y\u00fcz\u00fcndeki samimiyet, \u015fehrimize olan ba\u011fl\u0131l\u0131\u011f\u0131 ve m\u00fccadele azmi bizlere bir kez daha umut verdi.<\/p>\n\n\n\n<p class=\"wp-block-paragraph\">Biz inan\u0131yoruz ki; g\u00fc\u00e7l\u00fc bir Tekirda\u011f, g\u00fc\u00e7l\u00fc bir esnafla m\u00fcmk\u00fcnd\u00fcr.<br>Her zaman oldu\u011fu gibi, esnaf\u0131m\u0131z\u0131n yan\u0131nda olmaya, onlar\u0131n sesi olmaya devam edece\u011fiz.<\/p>\n\n\n\n<p class=\"wp-block-paragraph\">Rabbim kazan\u00e7lar\u0131n\u0131 bereketli, birlik ve beraberli\u011fimizi daim eylesin.Dedi.<\/p>\n","protected":false},"excerpt":{"rendered":"<p>Tekirda\u011f\u2019\u0131m\u0131z\u0131n kalbi \u00e7ar\u015f\u0131da, k\u0131ymetli esnaf karde\u015flerimizle bir araya geldik.Al\u0131n teriyle, eme\u011fiyle bu \u015fehrin y\u00fck\u00fcn\u00fc omuzlayan&#8230;<\/p>\n","protected":false},"author":1,"featured_media":137,"comment_status":"open","ping_status":"open","sticky":false,"template":"","format":"standard","meta":{"footnotes":""},"categories":[14,1],"tags":[],"ppma_author":[57],"class_list":["post-136","post","type-post","status-publish","format-standard","has-post-thumbnail","hentry","category-suleymanpasa","category-tekirdag-gundemi"],"authors":[{"term_id":57,"user_id":1,"is_guest":0,"slug":"admin","display_name":"Alp Aslan","avatar_url":"https:\/\/secure.gravatar.com\/avatar\/07c18c5ad3350b025db8f3328450e071acb435c703e565899c880c63362f137a?s=96&d=mm&r=g","author_category":"1","first_name":"Alp Aslan","last_name":"ER\u0130N","user_url":"http:\/\/www.gundem59.com.tr","job_title":"","description":""}],"_links":{"self":[{"href":"https:\/\/gundem59.com.tr\/index.php?rest_route=\/wp\/v2\/posts\/136","targetHints":{"allow":["GET"]}}],"collection":[{"href":"https:\/\/gundem59.com.tr\/index.php?rest_route=\/wp\/v2\/posts"}],"about":[{"href":"https:\/\/gundem59.com.tr\/index.php?rest_route=\/wp\/v2\/types\/post"}],"author":[{"embeddable":true,"href":"https:\/\/gundem59.com.tr\/index.php?rest_route=\/wp\/v2\/users\/1"}],"replies":[{"embeddable":true,"href":"https:\/\/gundem59.com.tr\/index.php?rest_route=%2Fwp%2Fv2%2Fcomments&post=136"}],"version-history":[{"count":2,"href":"https:\/\/gundem59.com.tr\/index.php?rest_route=\/wp\/v2\/posts\/136\/revisions"}],"predecessor-version":[{"id":139,"href":"https:\/\/gundem59.com.tr\/index.php?rest_route=\/wp\/v2\/posts\/136\/revisions\/139"}],"wp:featuredmedia":[{"embeddable":true,"href":"https:\/\/gundem59.com.tr\/index.php?rest_route=\/wp\/v2\/media\/137"}],"wp:attachment":[{"href":"https:\/\/gundem59.com.tr\/index.php?rest_route=%2Fwp%2Fv2%2Fmedia&parent=136"}],"wp:term":[{"taxonomy":"category","embeddable":true,"href":"https:\/\/gundem59.com.tr\/index.php?rest_route=%2Fwp%2Fv2%2Fcategories&post=136"},{"taxonomy":"post_tag","embeddable":true,"href":"https:\/\/gundem59.com.tr\/index.php?rest_route=%2Fwp%2Fv2%2Ftags&post=136"},{"taxonomy":"author","embeddable":true,"href":"https:\/\/gundem59.com.tr\/index.php?rest_route=%2Fwp%2Fv2%2Fppma_author&post=136"}],"curies":[{"name":"wp","href":"https:\/\/api.w.org\/{rel}","templated":true}]}}