{"id":1292,"date":"2026-05-26T21:37:10","date_gmt":"2026-05-26T21:37:10","guid":{"rendered":"https:\/\/gundem59.com.tr\/?p=1292"},"modified":"2026-05-26T21:37:11","modified_gmt":"2026-05-26T21:37:11","slug":"marmarada-suru-halinde-goruldu-denize-girecekler-dikkat-ciltte-yanmaya-ve-tahrise-neden-oluyor","status":"publish","type":"post","link":"https:\/\/gundem59.com.tr\/?p=1292","title":{"rendered":"Marmara&#8217;da s\u00fcr\u00fc halinde g\u00f6r\u00fcld\u00fc! Denize girecekler dikkat: Ciltte yanmaya ve tahri\u015fe neden oluyor!"},"content":{"rendered":"\n<p class=\"wp-block-paragraph\">Marmara Denizi\u2019nin k\u0131y\u0131ya yak\u0131n kesimlerinde g\u00f6r\u00fclen zehirli t\u00fcr korku yaratt\u0131. Tekirda\u011f\u2019\u0131n S\u00fcleymanpa\u015fa il\u00e7esi sahilinde, halk aras\u0131nda \u2018pusula deniz anas\u0131\u2019 olarak bilinen kahverengi deniz analar\u0131 g\u00f6r\u00fcnt\u00fclendi. \u0130\u015fte detaylar\u2026<\/p>\n\n\n\n<p class=\"wp-block-paragraph\">Sahil boyunca farkl\u0131 noktalarda su y\u00fczeyine yak\u0131n \u015fekilde hareket eden deniz analar\u0131n\u0131n zaman zaman k\u00fcmeler olu\u015fturdu\u011fu g\u00f6zlendi.<\/p>\n\n\n\n<figure class=\"wp-block-image\"><img decoding=\"async\" src=\"https:\/\/iasbh.tmgrup.com.tr\/40acc1\/0\/0\/0\/0\/0\/0?u=https:\/\/isbh.tmgrup.com.tr\/sbh\/2026\/05\/26\/ciltte-yanmaya-ve-tahrise-neden-oluyor-marmara-denizinde-suru-halinde-goruldu-1779797350307.jpg&amp;mw=600\"  alt=\"ciltte-yanmaya-ve-tahrise-neden-oluyor-marmara-denizinde-suru-halinde-goruldu-1779797350307 Marmara&#039;da s\u00fcr\u00fc halinde g\u00f6r\u00fcld\u00fc! Denize girecekler dikkat: Ciltte yanmaya ve tahri\u015fe neden oluyor!\"   title=\"\" \/><\/figure>\n\n\n\n<p class=\"wp-block-paragraph\"><strong>KIYIYA YAKIN B\u00d6LGELERE D\u0130KKAT<\/strong><br><br>K\u0131y\u0131ya yak\u0131n b\u00f6lgelerde yo\u011funla\u015fan deniz analar\u0131, deniz y\u00fczeyinde dikkat \u00e7ekici g\u00f6r\u00fcnt\u00fcler olu\u015fturdu.&nbsp;<a href=\"https:\/\/www.sabah.com.tr\/haberleri\/marmara-denizi\" target=\"_blank\" rel=\"noreferrer noopener\">Marmara Denizi<\/a>&#8216;nde belirli d\u00f6nemlerde g\u00f6r\u00fclen deniz analar\u0131n\u0131n, su s\u0131cakl\u0131\u011f\u0131 ve denizdeki ak\u0131nt\u0131lar nedeniyle k\u0131y\u0131ya yakla\u015ft\u0131\u011f\u0131 de\u011ferlendiriliyor.<\/p>\n\n\n\n<figure class=\"wp-block-image\"><img decoding=\"async\" src=\"https:\/\/iasbh.tmgrup.com.tr\/be8c42\/0\/0\/0\/0\/0\/0?u=https:\/\/isbh.tmgrup.com.tr\/sbh\/2026\/05\/26\/ciltte-yanmaya-ve-tahrise-neden-oluyor-marmara-denizinde-suru-halinde-goruldu-1779797340381.jpg&amp;mw=600\"  alt=\"ciltte-yanmaya-ve-tahrise-neden-oluyor-marmara-denizinde-suru-halinde-goruldu-1779797340381 Marmara&#039;da s\u00fcr\u00fc halinde g\u00f6r\u00fcld\u00fc! Denize girecekler dikkat: Ciltte yanmaya ve tahri\u015fe neden oluyor!\"   title=\"\" \/><\/figure>\n\n\n\n<p class=\"wp-block-paragraph\"><strong>C\u0130LTTE YANMAYA NEDEN OLUYOR<\/strong><\/p>\n\n\n\n<p class=\"wp-block-paragraph\"><a href=\"https:\/\/www.sabah.com.tr\/haberleri\/tekirdag\" target=\"_blank\" rel=\"noreferrer noopener\">Tekirda\u011f<\/a>&nbsp;sahilinde g\u00f6r\u00fclen kahverengi pusula deniz analar\u0131n\u0131n (Chrysaora hysoscella) temas halinde ciltte yanma ve tahri\u015fe neden olabilen zehirli bir t\u00fcr oldu\u011fu biliniyor.<\/p>\n","protected":false},"excerpt":{"rendered":"<p>Marmara Denizi\u2019nin k\u0131y\u0131ya yak\u0131n kesimlerinde g\u00f6r\u00fclen zehirli t\u00fcr korku yaratt\u0131. Tekirda\u011f\u2019\u0131n S\u00fcleymanpa\u015fa il\u00e7esi sahilinde, halk&#8230;<\/p>\n","protected":false},"author":1,"featured_media":1293,"comment_status":"closed","ping_status":"closed","sticky":false,"template":"","format":"standard","meta":{"footnotes":""},"categories":[1],"tags":[],"ppma_author":[57],"class_list":["post-1292","post","type-post","status-publish","format-standard","has-post-thumbnail","hentry","category-tekirdag-gundemi"],"authors":[{"term_id":57,"user_id":1,"is_guest":0,"slug":"admin","display_name":"Alp Aslan","avatar_url":"https:\/\/secure.gravatar.com\/avatar\/07c18c5ad3350b025db8f3328450e071acb435c703e565899c880c63362f137a?s=96&d=mm&r=g","author_category":"1","first_name":"Alp Aslan","last_name":"ER\u0130N","user_url":"http:\/\/www.gundem59.com.tr","job_title":"","description":""}],"_links":{"self":[{"href":"https:\/\/gundem59.com.tr\/index.php?rest_route=\/wp\/v2\/posts\/1292","targetHints":{"allow":["GET"]}}],"collection":[{"href":"https:\/\/gundem59.com.tr\/index.php?rest_route=\/wp\/v2\/posts"}],"about":[{"href":"https:\/\/gundem59.com.tr\/index.php?rest_route=\/wp\/v2\/types\/post"}],"author":[{"embeddable":true,"href":"https:\/\/gundem59.com.tr\/index.php?rest_route=\/wp\/v2\/users\/1"}],"replies":[{"embeddable":true,"href":"https:\/\/gundem59.com.tr\/index.php?rest_route=%2Fwp%2Fv2%2Fcomments&post=1292"}],"version-history":[{"count":1,"href":"https:\/\/gundem59.com.tr\/index.php?rest_route=\/wp\/v2\/posts\/1292\/revisions"}],"predecessor-version":[{"id":1294,"href":"https:\/\/gundem59.com.tr\/index.php?rest_route=\/wp\/v2\/posts\/1292\/revisions\/1294"}],"wp:featuredmedia":[{"embeddable":true,"href":"https:\/\/gundem59.com.tr\/index.php?rest_route=\/wp\/v2\/media\/1293"}],"wp:attachment":[{"href":"https:\/\/gundem59.com.tr\/index.php?rest_route=%2Fwp%2Fv2%2Fmedia&parent=1292"}],"wp:term":[{"taxonomy":"category","embeddable":true,"href":"https:\/\/gundem59.com.tr\/index.php?rest_route=%2Fwp%2Fv2%2Fcategories&post=1292"},{"taxonomy":"post_tag","embeddable":true,"href":"https:\/\/gundem59.com.tr\/index.php?rest_route=%2Fwp%2Fv2%2Ftags&post=1292"},{"taxonomy":"author","embeddable":true,"href":"https:\/\/gundem59.com.tr\/index.php?rest_route=%2Fwp%2Fv2%2Fppma_author&post=1292"}],"curies":[{"name":"wp","href":"https:\/\/api.w.org\/{rel}","templated":true}]}}