{"id":1283,"date":"2026-05-26T21:22:59","date_gmt":"2026-05-26T21:22:59","guid":{"rendered":"https:\/\/gundem59.com.tr\/?p=1283"},"modified":"2026-05-26T21:22:59","modified_gmt":"2026-05-26T21:22:59","slug":"sakaryada-gemi-karaya-oturdu","status":"publish","type":"post","link":"https:\/\/gundem59.com.tr\/?p=1283","title":{"rendered":"Sakarya&#8217;da gemi karaya oturdu!"},"content":{"rendered":"\n<p class=\"wp-block-paragraph\">Sakarya&#8217;n\u0131n Karasu il\u00e7esi sahilinde f\u0131rt\u0131na nedeniyle k\u0131y\u0131ya s\u00fcr\u00fcklenerek karaya oturan &#8220;Ninova&#8221; isimli kuru y\u00fck gemisinin \u00e7evresi, Karasu Kaymakaml\u0131\u011f\u0131 karar\u0131yla denize giri\u015fler i\u00e7in &#8220;tehlikeli alan&#8221; ilan edildi. Sahil G\u00fcvenlik Komutanl\u0131\u011f\u0131 ekiplerinin g\u00f6zetiminde, B\u00fcy\u00fck\u015fehir Belediyesi cankurtaran ekiplerince gemi \u00e7evresine k\u0131rm\u0131z\u0131 dubalar \u00e7ekilerek emniyet \u015feridi olu\u015fturuldu.<\/p>\n\n\n\n<figure class=\"wp-block-image\"><img  title=\"\" decoding=\"async\" src=\"https:\/\/im.haberturk.com\/2026\/05\/26\/3887537_c922e772c839038460d04febfce69063.jpg\"  alt=\"3887537_c922e772c839038460d04febfce69063 Sakarya&#039;da gemi karaya oturdu!\" \/><\/figure>\n\n\n\n<p class=\"wp-block-paragraph\"><\/p>\n\n\n\n<p class=\"wp-block-paragraph\">Al\u0131nan karara g\u00f6re, geminin hemen yak\u0131n\u0131ndaki riskli b\u00f6lge cankurtaranlar\u0131n sorumluluk alan\u0131ndan \u00e7\u0131kar\u0131l\u0131rken, vatanda\u015flar\u0131n bu b\u00f6lgeye yakla\u015fmas\u0131na izin verilmeyecek ve &#8220;Bu alanda denize girmek tehlikelidir&#8221; uyar\u0131s\u0131 yap\u0131lacak. \u00d6te yandan, sahile gelen vatanda\u015flar\u0131n ma\u011fdur olmamas\u0131 i\u00e7in b\u00f6lgede dubalarla \u00f6zel bir g\u00fcvenli alan olu\u015fturuldu. Vatanda\u015flar belirlenen bu g\u00fcvenli s\u0131n\u0131rlar dahilinde denize girebilecek ancak gemi \u00e7evresine kesinlikle yakla\u015ft\u0131r\u0131lmayacak.<\/p>\n\n\n\n<h2 class=\"wp-block-heading\">&#8220;O B\u00d6LGEY\u0130 DI\u015eARIDA TUTACA\u011eIZ&#8221;<\/h2>\n\n\n\n<p class=\"wp-block-paragraph\">Konuyla ilgili sahada al\u0131nan g\u00fcvenlik \u00f6nlemlerine ili\u015fkin detayl\u0131 a\u00e7\u0131klama yapan Sakarya B\u00fcy\u00fck\u015fehir Belediyesi \u0130tfaiye Daire Ba\u015fkanl\u0131\u011f\u0131 Cankurtaran Grup Amiri Samet Karaca, tehlikeli b\u00f6lgedeki durumu anlat\u0131rken, &#8220;Karasu Sahili\u2019inde bulunan, ge\u00e7ti\u011fimiz g\u00fcnlerde f\u0131rt\u0131na ile k\u0131y\u0131ya s\u00fcr\u00fcklenerek karaya oturan gemi ile alakal\u0131 b\u00f6lge, insanlar\u0131n giri\u015fine kapat\u0131ld\u0131. Zaten o b\u00f6lgede muhtemel bir problemde yani dalga boyunun y\u00fckseldi\u011fi durumlarda orada kurtarma yap\u0131lamayaca\u011f\u0131 i\u00e7in, hem kendi personellerimizi riske atmamak ad\u0131na hem de vatanda\u015flar\u0131n sa\u011fl\u0131\u011f\u0131n\u0131 korumak ad\u0131na o b\u00f6lgeyi deniz kullan\u0131m\u0131na kapatma karar\u0131 al\u0131nd\u0131. O b\u00f6lge can kurtaran b\u00f6lgesine dahil de\u011fil, oraya k\u0131rm\u0131z\u0131 dubalar \u00e7ekildi. \u0130\u015faretlemeler yap\u0131ld\u0131. O b\u00f6lgeyi d\u0131\u015far\u0131da tutaca\u011f\u0131z. Bir durum oldu\u011funda zaten m\u00fcdahale edilemeyece\u011fi i\u00e7in personelimizi riske atmamak ad\u0131na bizim cankurtaran sorumlulu\u011fumuzda olmayacak&#8221; dedi.<\/p>\n\n\n\n<p class=\"wp-block-paragraph\">Yetkililer, sahile gelen vatanda\u015flar\u0131n kurallara uymas\u0131n\u0131, k\u0131rm\u0131z\u0131 dubalarla belirlenen alandan ve gemi \u00e7evresinden denize girmemeleri gerekti\u011fi konusunda uyar\u0131larda bulundu.<\/p>\n","protected":false},"excerpt":{"rendered":"<p>Sakarya&#8217;n\u0131n Karasu il\u00e7esi sahilinde f\u0131rt\u0131na nedeniyle k\u0131y\u0131ya s\u00fcr\u00fcklenerek karaya oturan &#8220;Ninova&#8221; isimli kuru y\u00fck gemisinin&#8230;<\/p>\n","protected":false},"author":1,"featured_media":1284,"comment_status":"closed","ping_status":"closed","sticky":false,"template":"","format":"standard","meta":{"footnotes":""},"categories":[30],"tags":[],"ppma_author":[57],"class_list":["post-1283","post","type-post","status-publish","format-standard","has-post-thumbnail","hentry","category-ulusal-gundem"],"authors":[{"term_id":57,"user_id":1,"is_guest":0,"slug":"admin","display_name":"Alp Aslan","avatar_url":"https:\/\/secure.gravatar.com\/avatar\/07c18c5ad3350b025db8f3328450e071acb435c703e565899c880c63362f137a?s=96&d=mm&r=g","author_category":"1","first_name":"Alp Aslan","last_name":"ER\u0130N","user_url":"http:\/\/www.gundem59.com.tr","job_title":"","description":""}],"_links":{"self":[{"href":"https:\/\/gundem59.com.tr\/index.php?rest_route=\/wp\/v2\/posts\/1283","targetHints":{"allow":["GET"]}}],"collection":[{"href":"https:\/\/gundem59.com.tr\/index.php?rest_route=\/wp\/v2\/posts"}],"about":[{"href":"https:\/\/gundem59.com.tr\/index.php?rest_route=\/wp\/v2\/types\/post"}],"author":[{"embeddable":true,"href":"https:\/\/gundem59.com.tr\/index.php?rest_route=\/wp\/v2\/users\/1"}],"replies":[{"embeddable":true,"href":"https:\/\/gundem59.com.tr\/index.php?rest_route=%2Fwp%2Fv2%2Fcomments&post=1283"}],"version-history":[{"count":1,"href":"https:\/\/gundem59.com.tr\/index.php?rest_route=\/wp\/v2\/posts\/1283\/revisions"}],"predecessor-version":[{"id":1285,"href":"https:\/\/gundem59.com.tr\/index.php?rest_route=\/wp\/v2\/posts\/1283\/revisions\/1285"}],"wp:featuredmedia":[{"embeddable":true,"href":"https:\/\/gundem59.com.tr\/index.php?rest_route=\/wp\/v2\/media\/1284"}],"wp:attachment":[{"href":"https:\/\/gundem59.com.tr\/index.php?rest_route=%2Fwp%2Fv2%2Fmedia&parent=1283"}],"wp:term":[{"taxonomy":"category","embeddable":true,"href":"https:\/\/gundem59.com.tr\/index.php?rest_route=%2Fwp%2Fv2%2Fcategories&post=1283"},{"taxonomy":"post_tag","embeddable":true,"href":"https:\/\/gundem59.com.tr\/index.php?rest_route=%2Fwp%2Fv2%2Ftags&post=1283"},{"taxonomy":"author","embeddable":true,"href":"https:\/\/gundem59.com.tr\/index.php?rest_route=%2Fwp%2Fv2%2Fppma_author&post=1283"}],"curies":[{"name":"wp","href":"https:\/\/api.w.org\/{rel}","templated":true}]}}