{"id":1235,"date":"2026-05-26T16:12:18","date_gmt":"2026-05-26T16:12:18","guid":{"rendered":"https:\/\/gundem59.com.tr\/?p=1235"},"modified":"2026-05-26T16:12:19","modified_gmt":"2026-05-26T16:12:19","slug":"bu-kez-galatasaray-degil-szymanskiye-super-ligden-dev-talip","status":"publish","type":"post","link":"https:\/\/gundem59.com.tr\/?p=1235","title":{"rendered":"Bu kez Galatasaray de\u011fil! Szymanski&#8217;ye S\u00fcper Lig&#8217;den dev talip"},"content":{"rendered":"\n<p class=\"wp-block-paragraph\">\u0130smi son d\u00f6nemde s\u0131k s\u0131k Galatasaray ile an\u0131lan Fenerbah\u00e7e&#8217;nin eski oyuncusu Sebastian Szymanski&#8217;nin gelece\u011fiyle ilgili s\u00fcrpriz bir geli\u015fme ya\u015fand\u0131. Trabzonspor&#8217;un Polonyal\u0131 on numaran\u0131n menajeriyle temasa ge\u00e7erek transfer hakk\u0131nda bilgi ald\u0131\u011f\u0131 iddia edildi.<\/p>\n\n\n\n<p class=\"wp-block-paragraph\"><a href=\"https:\/\/www.sondakika.com\/fenerbahce\/\">Fenerbah\u00e7e<\/a>&nbsp;formas\u0131yla g\u00f6sterdi\u011fi ba\u015far\u0131l\u0131 performanslar\u0131n ard\u0131ndan ara transfer d\u00f6neminde Fransa Ligue 1 ekiplerinden Rennes\u2019e imza atan Sebastian Szymanski yeniden T\u00fcrkiye&#8217;ye d\u00f6nebilir.&nbsp;<\/p>\n\n\n\n<h3 class=\"wp-block-heading\">TRABZONSPOR DEVREYE G\u0130RD\u0130<\/h3>\n\n\n\n<p class=\"wp-block-paragraph\">Ad\u0131 son d\u00f6nemde s\u0131k s\u0131k&nbsp;<a href=\"https:\/\/www.sondakika.com\/galatasaray\/\">Galatasaray<\/a>&nbsp;ile an\u0131lan Polonyal\u0131 on numara i\u00e7in bu kez \u00e7ok konu\u015fulacak s\u00fcrpriz bir iddia ortaya at\u0131ld\u0131. Frans\u0131z bas\u0131n\u0131nda yer alan haberlere g\u00f6re;&nbsp;<a href=\"https:\/\/www.sondakika.com\/trabzonspor\/\">Trabzonspor<\/a>, Szymanski i\u00e7in devreye girdi.<\/p>\n\n\n\n<figure class=\"wp-block-image\"><img  title=\"\" decoding=\"async\" src=\"https:\/\/foto.sondakika.com\/haber\/2026\/05\/26\/bu-kez-galatasaray-degil-szyma-56572832-7439_1_m.jpg\"  alt=\"bu-kez-galatasaray-degil-szyma-56572832-7439_1_m Bu kez Galatasaray de\u011fil! Szymanski&#039;ye S\u00fcper Lig&#039;den dev talip\" \/><\/figure>\n\n\n\n<h3 class=\"wp-block-heading\">MENAJER D\u00dcZEY\u0130NDE TEMAS KURULDU<\/h3>\n\n\n\n<p class=\"wp-block-paragraph\">Gelecek sezon daha da iddial\u0131 bir kadro kurmak isteyen Trabzonspor\u2019un, 26 ya\u015f\u0131ndaki y\u0131ld\u0131z futbolcuyu radar\u0131na ald\u0131\u011f\u0131 belirtildi. Bordo-mavililerin, Polonyal\u0131 y\u0131ld\u0131z\u0131n menajeriyle ilk resmi temas\u0131 kurdu\u011fu ve oyuncunun transfer \u015fartlar\u0131 hakk\u0131nda detayl\u0131 bilgi ald\u0131\u011f\u0131 iddia edildi.&nbsp;<\/p>\n\n\n\n<figure class=\"wp-block-image\"><img  title=\"\" decoding=\"async\" src=\"https:\/\/foto.sondakika.com\/haber\/2026\/05\/26\/bu-kez-galatasaray-degil-szyma-4929c5bd51-3293_1_m.jpg\"  alt=\"bu-kez-galatasaray-degil-szyma-4929c5bd51-3293_1_m Bu kez Galatasaray de\u011fil! Szymanski&#039;ye S\u00fcper Lig&#039;den dev talip\" \/><\/figure>\n\n\n\n<h3 class=\"wp-block-heading\">S\u00d6ZLE\u015eMES\u0130 2029&#8217;A DEK DEVAM ED\u0130YOR<\/h3>\n\n\n\n<p class=\"wp-block-paragraph\">Ara transfer d\u00f6neminde gitti\u011fi Rennes&#8217;de sergiledi\u011fi grafikle dikkat \u00e7eken Sebastian Szymanski&#8217;nin Frans\u0131z kul\u00fcb\u00fcyle 2029 y\u0131l\u0131na kadar s\u00f6zle\u015fmesi bulunuyor.<\/p>\n","protected":false},"excerpt":{"rendered":"<p>\u0130smi son d\u00f6nemde s\u0131k s\u0131k Galatasaray ile an\u0131lan Fenerbah\u00e7e&#8217;nin eski oyuncusu Sebastian Szymanski&#8217;nin gelece\u011fiyle ilgili&#8230;<\/p>\n","protected":false},"author":1,"featured_media":1236,"comment_status":"closed","ping_status":"closed","sticky":false,"template":"","format":"standard","meta":{"footnotes":""},"categories":[48],"tags":[],"ppma_author":[57],"class_list":["post-1235","post","type-post","status-publish","format-standard","has-post-thumbnail","hentry","category-spor"],"authors":[{"term_id":57,"user_id":1,"is_guest":0,"slug":"admin","display_name":"Alp Aslan","avatar_url":"https:\/\/secure.gravatar.com\/avatar\/07c18c5ad3350b025db8f3328450e071acb435c703e565899c880c63362f137a?s=96&d=mm&r=g","author_category":"1","first_name":"Alp Aslan","last_name":"ER\u0130N","user_url":"http:\/\/www.gundem59.com.tr","job_title":"","description":""}],"_links":{"self":[{"href":"https:\/\/gundem59.com.tr\/index.php?rest_route=\/wp\/v2\/posts\/1235","targetHints":{"allow":["GET"]}}],"collection":[{"href":"https:\/\/gundem59.com.tr\/index.php?rest_route=\/wp\/v2\/posts"}],"about":[{"href":"https:\/\/gundem59.com.tr\/index.php?rest_route=\/wp\/v2\/types\/post"}],"author":[{"embeddable":true,"href":"https:\/\/gundem59.com.tr\/index.php?rest_route=\/wp\/v2\/users\/1"}],"replies":[{"embeddable":true,"href":"https:\/\/gundem59.com.tr\/index.php?rest_route=%2Fwp%2Fv2%2Fcomments&post=1235"}],"version-history":[{"count":1,"href":"https:\/\/gundem59.com.tr\/index.php?rest_route=\/wp\/v2\/posts\/1235\/revisions"}],"predecessor-version":[{"id":1237,"href":"https:\/\/gundem59.com.tr\/index.php?rest_route=\/wp\/v2\/posts\/1235\/revisions\/1237"}],"wp:featuredmedia":[{"embeddable":true,"href":"https:\/\/gundem59.com.tr\/index.php?rest_route=\/wp\/v2\/media\/1236"}],"wp:attachment":[{"href":"https:\/\/gundem59.com.tr\/index.php?rest_route=%2Fwp%2Fv2%2Fmedia&parent=1235"}],"wp:term":[{"taxonomy":"category","embeddable":true,"href":"https:\/\/gundem59.com.tr\/index.php?rest_route=%2Fwp%2Fv2%2Fcategories&post=1235"},{"taxonomy":"post_tag","embeddable":true,"href":"https:\/\/gundem59.com.tr\/index.php?rest_route=%2Fwp%2Fv2%2Ftags&post=1235"},{"taxonomy":"author","embeddable":true,"href":"https:\/\/gundem59.com.tr\/index.php?rest_route=%2Fwp%2Fv2%2Fppma_author&post=1235"}],"curies":[{"name":"wp","href":"https:\/\/api.w.org\/{rel}","templated":true}]}}