{"id":1176,"date":"2026-05-26T10:11:40","date_gmt":"2026-05-26T10:11:40","guid":{"rendered":"https:\/\/gundem59.com.tr\/?p=1176"},"modified":"2026-05-26T10:11:41","modified_gmt":"2026-05-26T10:11:41","slug":"elazigda-4-saatte-2-deprem-vatandaslar-diken-ustunde","status":"publish","type":"post","link":"https:\/\/gundem59.com.tr\/?p=1176","title":{"rendered":"Elaz\u0131\u011f&#8217;da 4 saatte 2 deprem! Vatanda\u015flar diken \u00fcst\u00fcnde"},"content":{"rendered":"\n<p class=\"wp-block-paragraph\">Elaz\u0131\u011f\u2019\u0131n Sivrice il\u00e7esi sabah saatlerinden itibaren pe\u015f pe\u015fe meydana gelen depremlerle salland\u0131. AFAD verilerine g\u00f6re 4 saat arayla ya\u015fanan 3.6 ve 3.9 b\u00fcy\u00fckl\u00fc\u011f\u00fcndeki depremler b\u00f6lgede tedirginli\u011fe neden oldu. Vatanda\u015flar ya\u015fanan sars\u0131nt\u0131lar sonras\u0131 d\u0131\u015far\u0131 \u00e7\u0131kt\u0131.<\/p>\n\n\n\n<p class=\"wp-block-paragraph\">Elaz\u0131\u011f\u2019\u0131n Sivrice il\u00e7esinde sabah saatlerinden itibaren pe\u015f pe\u015fe depremler meydana geldi. Afet ve Acil Durum Y\u00f6netimi Ba\u015fkanl\u0131\u011f\u0131 (<a href=\"https:\/\/www.sondakika.com\/afad\/\">AFAD<\/a>), saat 10.37\u2019de 3.9 b\u00fcy\u00fckl\u00fc\u011f\u00fcnde bir deprem ya\u015fand\u0131\u011f\u0131n\u0131 duyurdu.<\/p>\n\n\n\n<p class=\"wp-block-paragraph\">AFAD taraf\u0131ndan payla\u015f\u0131lan verilere g\u00f6re depremin derinli\u011fi 11.07 kilometre olarak \u00f6l\u00e7\u00fcld\u00fc. K\u0131sa s\u00fcreli pani\u011fe neden olan sars\u0131nt\u0131 \u00e7evre il\u00e7elerde de hissedildi.<\/p>\n\n\n\n<figure class=\"wp-block-image\"><img  title=\"\" decoding=\"async\" src=\"https:\/\/foto.sondakika.com\/haber\/2026\/05\/26\/elazigda-4-saatte-2-deprem-vat-28706372-7493_1_m.jpg\"  alt=\"elazigda-4-saatte-2-deprem-vat-28706372-7493_1_m Elaz\u0131\u011f&#039;da 4 saatte 2 deprem! Vatanda\u015flar diken \u00fcst\u00fcnde\" \/><\/figure>\n\n\n\n<h3 class=\"wp-block-heading\">SABAHA KAR\u015eI DA SALLANMI\u015eTI<\/h3>\n\n\n\n<p class=\"wp-block-paragraph\">B\u00f6lgede g\u00fcn\u00fcn ilk depremi ise sabaha kar\u015f\u0131 meydana geldi. Saat 06.45\u2019te yine Sivrice merkezli 3.6 b\u00fcy\u00fckl\u00fc\u011f\u00fcnde bir deprem kaydedildi.<\/p>\n\n\n\n<p class=\"wp-block-paragraph\">Ayn\u0131 b\u00f6lgede k\u0131sa aral\u0131klarla ya\u015fanan depremler vatanda\u015flar\u0131 tedirgin ederken, baz\u0131 ki\u015filer sars\u0131nt\u0131 sonras\u0131 evlerinden d\u0131\u015far\u0131 \u00e7\u0131kt\u0131.<\/p>\n\n\n\n<p class=\"wp-block-paragraph\">Sars\u0131nt\u0131lar\u0131n ard\u0131ndan b\u00f6lgede herhangi bir olumsuz durum bilgisi al\u0131nmad\u0131.&nbsp;<\/p>\n\n\n\n<figure class=\"wp-block-image\"><img  title=\"\" decoding=\"async\" src=\"https:\/\/foto.sondakika.com\/haber\/2026\/05\/26\/elazigda-4-saatte-2-deprem-vat-13265056-4001_1_m.jpg\"  alt=\"elazigda-4-saatte-2-deprem-vat-13265056-4001_1_m Elaz\u0131\u011f&#039;da 4 saatte 2 deprem! Vatanda\u015flar diken \u00fcst\u00fcnde\" \/><\/figure>\n","protected":false},"excerpt":{"rendered":"<p>Elaz\u0131\u011f\u2019\u0131n Sivrice il\u00e7esi sabah saatlerinden itibaren pe\u015f pe\u015fe meydana gelen depremlerle salland\u0131. AFAD verilerine g\u00f6re&#8230;<\/p>\n","protected":false},"author":1,"featured_media":1177,"comment_status":"closed","ping_status":"closed","sticky":false,"template":"","format":"standard","meta":{"footnotes":""},"categories":[30],"tags":[],"ppma_author":[57],"class_list":["post-1176","post","type-post","status-publish","format-standard","has-post-thumbnail","hentry","category-ulusal-gundem"],"authors":[{"term_id":57,"user_id":1,"is_guest":0,"slug":"admin","display_name":"Alp Aslan","avatar_url":"https:\/\/secure.gravatar.com\/avatar\/07c18c5ad3350b025db8f3328450e071acb435c703e565899c880c63362f137a?s=96&d=mm&r=g","author_category":"1","first_name":"Alp Aslan","last_name":"ER\u0130N","user_url":"http:\/\/www.gundem59.com.tr","job_title":"","description":""}],"_links":{"self":[{"href":"https:\/\/gundem59.com.tr\/index.php?rest_route=\/wp\/v2\/posts\/1176","targetHints":{"allow":["GET"]}}],"collection":[{"href":"https:\/\/gundem59.com.tr\/index.php?rest_route=\/wp\/v2\/posts"}],"about":[{"href":"https:\/\/gundem59.com.tr\/index.php?rest_route=\/wp\/v2\/types\/post"}],"author":[{"embeddable":true,"href":"https:\/\/gundem59.com.tr\/index.php?rest_route=\/wp\/v2\/users\/1"}],"replies":[{"embeddable":true,"href":"https:\/\/gundem59.com.tr\/index.php?rest_route=%2Fwp%2Fv2%2Fcomments&post=1176"}],"version-history":[{"count":1,"href":"https:\/\/gundem59.com.tr\/index.php?rest_route=\/wp\/v2\/posts\/1176\/revisions"}],"predecessor-version":[{"id":1178,"href":"https:\/\/gundem59.com.tr\/index.php?rest_route=\/wp\/v2\/posts\/1176\/revisions\/1178"}],"wp:featuredmedia":[{"embeddable":true,"href":"https:\/\/gundem59.com.tr\/index.php?rest_route=\/wp\/v2\/media\/1177"}],"wp:attachment":[{"href":"https:\/\/gundem59.com.tr\/index.php?rest_route=%2Fwp%2Fv2%2Fmedia&parent=1176"}],"wp:term":[{"taxonomy":"category","embeddable":true,"href":"https:\/\/gundem59.com.tr\/index.php?rest_route=%2Fwp%2Fv2%2Fcategories&post=1176"},{"taxonomy":"post_tag","embeddable":true,"href":"https:\/\/gundem59.com.tr\/index.php?rest_route=%2Fwp%2Fv2%2Ftags&post=1176"},{"taxonomy":"author","embeddable":true,"href":"https:\/\/gundem59.com.tr\/index.php?rest_route=%2Fwp%2Fv2%2Fppma_author&post=1176"}],"curies":[{"name":"wp","href":"https:\/\/api.w.org\/{rel}","templated":true}]}}