{"id":1161,"date":"2026-05-26T09:53:03","date_gmt":"2026-05-26T09:53:03","guid":{"rendered":"https:\/\/gundem59.com.tr\/?p=1161"},"modified":"2026-05-26T09:53:04","modified_gmt":"2026-05-26T09:53:04","slug":"5-gun-once-evden-ayrilan-gencten-haber-alinamiyor-agabeyinin-bir-tahmini-var","status":"publish","type":"post","link":"https:\/\/gundem59.com.tr\/?p=1161","title":{"rendered":"5 g\u00fcn \u00f6nce evden ayr\u0131lan gen\u00e7ten haber al\u0131nam\u0131yor! A\u011fabeyinin bir tahmini var"},"content":{"rendered":"\n<p class=\"wp-block-paragraph\">Diyarbak\u0131r&#8217;\u0131n \u00c7ermik il\u00e7esi Konuksever k\u00f6y\u00fcnde 5 g\u00fcn \u00f6nce evden ayr\u0131lan 16 ya\u015f\u0131ndaki Alper Y.&#8217;den haber al\u0131nam\u0131yor. A\u011fabey Hac\u0131 Hasan Y., &#8220;Karde\u015fimin ayr\u0131ca uyku problemi var. K\u0131rsalda bir yerde uykuya dal\u0131p uyanamama durumu olabilir&#8221; dedi.<\/p>\n\n\n\n<p class=\"wp-block-paragraph\">Diyarbak\u0131r&#8217;da 5 g\u00fcn \u00f6nce evden \u00e7\u0131kan Alper Y.&#8217;den haber alamayan yak\u0131nlar\u0131 durumu g\u00fcvenlik g\u00fc\u00e7lerine bildirdi.\u00a0Kay\u0131p gen\u00e7, aile ve ekiplerin yapt\u0131\u011f\u0131 \u00e7al\u0131\u015fmalara ra\u011fmen bulunamad\u0131.\u00a0<\/p>\n\n\n\n<h3 class=\"wp-block-heading\">&#8220;B\u0130R AY \u00d6NCE Y\u0130NE ORTADAN KAYBOLDU&#8221;<\/h3>\n\n\n\n<p class=\"wp-block-paragraph\">Alper Y.&#8217;nin a\u011fabeyi Hac\u0131 Hasan Y., Alper ile herhangi bir sorunlar\u0131n\u0131n olmad\u0131\u011f\u0131n\u0131 s\u00f6yledi. A\u011fabey, &#8220;Her baba gibi babam evden ayr\u0131lmadan \u00f6nceki ak\u015fam kendisine nasihatlerde bulundu. Alper sabah evden ayr\u0131ld\u0131, eve d\u00f6nmeyince kendimiz arama faaliyetlerine ba\u015flad\u0131k. Alper bir ay \u00f6nce yine ortadan kayboldu. O zaman arad\u0131\u011f\u0131m\u0131zda akrabalar\u0131n yan\u0131nda oldu\u011funu tespit ettik. Karde\u015fimin ayr\u0131ca uyku problemi var. K\u0131rsalda bir yerde uykuya dal\u0131p uyanamama durumu olabilir&#8221; ifadelerini kulland\u0131.<\/p>\n\n\n\n<p class=\"wp-block-paragraph\">Alper Y.&#8217;yi arama \u00e7al\u0131\u015fmalar\u0131 devam ediyor.&nbsp;<\/p>\n\n\n\n<figure class=\"wp-block-image\"><img  title=\"\" decoding=\"async\" src=\"http:\/\/foto.sondakika.com\/haber\/2026\/05\/26\/5-gun-once-evden-ayrilan-gencten-haber-alinam-2-19883401_o.jpg\"  alt=\"5-gun-once-evden-ayrilan-gencten-haber-alinam-2-19883401_o 5 g\u00fcn \u00f6nce evden ayr\u0131lan gen\u00e7ten haber al\u0131nam\u0131yor! A\u011fabeyinin bir tahmini var\" \/><\/figure>\n","protected":false},"excerpt":{"rendered":"<p>Diyarbak\u0131r&#8217;\u0131n \u00c7ermik il\u00e7esi Konuksever k\u00f6y\u00fcnde 5 g\u00fcn \u00f6nce evden ayr\u0131lan 16 ya\u015f\u0131ndaki Alper Y.&#8217;den haber&#8230;<\/p>\n","protected":false},"author":1,"featured_media":1162,"comment_status":"closed","ping_status":"closed","sticky":false,"template":"","format":"standard","meta":{"footnotes":""},"categories":[30],"tags":[],"ppma_author":[57],"class_list":["post-1161","post","type-post","status-publish","format-standard","has-post-thumbnail","hentry","category-ulusal-gundem"],"authors":[{"term_id":57,"user_id":1,"is_guest":0,"slug":"admin","display_name":"Alp Aslan","avatar_url":"https:\/\/secure.gravatar.com\/avatar\/07c18c5ad3350b025db8f3328450e071acb435c703e565899c880c63362f137a?s=96&d=mm&r=g","author_category":"1","first_name":"Alp Aslan","last_name":"ER\u0130N","user_url":"http:\/\/www.gundem59.com.tr","job_title":"","description":""}],"_links":{"self":[{"href":"https:\/\/gundem59.com.tr\/index.php?rest_route=\/wp\/v2\/posts\/1161","targetHints":{"allow":["GET"]}}],"collection":[{"href":"https:\/\/gundem59.com.tr\/index.php?rest_route=\/wp\/v2\/posts"}],"about":[{"href":"https:\/\/gundem59.com.tr\/index.php?rest_route=\/wp\/v2\/types\/post"}],"author":[{"embeddable":true,"href":"https:\/\/gundem59.com.tr\/index.php?rest_route=\/wp\/v2\/users\/1"}],"replies":[{"embeddable":true,"href":"https:\/\/gundem59.com.tr\/index.php?rest_route=%2Fwp%2Fv2%2Fcomments&post=1161"}],"version-history":[{"count":1,"href":"https:\/\/gundem59.com.tr\/index.php?rest_route=\/wp\/v2\/posts\/1161\/revisions"}],"predecessor-version":[{"id":1163,"href":"https:\/\/gundem59.com.tr\/index.php?rest_route=\/wp\/v2\/posts\/1161\/revisions\/1163"}],"wp:featuredmedia":[{"embeddable":true,"href":"https:\/\/gundem59.com.tr\/index.php?rest_route=\/wp\/v2\/media\/1162"}],"wp:attachment":[{"href":"https:\/\/gundem59.com.tr\/index.php?rest_route=%2Fwp%2Fv2%2Fmedia&parent=1161"}],"wp:term":[{"taxonomy":"category","embeddable":true,"href":"https:\/\/gundem59.com.tr\/index.php?rest_route=%2Fwp%2Fv2%2Fcategories&post=1161"},{"taxonomy":"post_tag","embeddable":true,"href":"https:\/\/gundem59.com.tr\/index.php?rest_route=%2Fwp%2Fv2%2Ftags&post=1161"},{"taxonomy":"author","embeddable":true,"href":"https:\/\/gundem59.com.tr\/index.php?rest_route=%2Fwp%2Fv2%2Fppma_author&post=1161"}],"curies":[{"name":"wp","href":"https:\/\/api.w.org\/{rel}","templated":true}]}}