{"id":1150,"date":"2026-05-26T09:37:14","date_gmt":"2026-05-26T09:37:14","guid":{"rendered":"https:\/\/gundem59.com.tr\/?p=1150"},"modified":"2026-05-26T09:37:15","modified_gmt":"2026-05-26T09:37:15","slug":"tekirdag-valisi-soyturkten-kurban-bayrami-mesaji","status":"publish","type":"post","link":"https:\/\/gundem59.com.tr\/?p=1150","title":{"rendered":"Tekirda\u011f Valisi Soyt\u00fcrk&#8217;ten Kurban Bayram\u0131 mesaj\u0131"},"content":{"rendered":"\n<p class=\"wp-block-paragraph\">Tekirda\u011f Valisi Recep Soyt\u00fcrk, Kurban Bayram\u0131 dolay\u0131s\u0131yla kutlama mesaj\u0131 yay\u0131mlad\u0131.<\/p>\n\n\n\n<p class=\"wp-block-paragraph\">Tekirda\u011f Valisi Recep Soyt\u00fcrk, Kurban Bayram\u0131 dolay\u0131s\u0131yla kutlama mesaj\u0131 yay\u0131mlad\u0131.<\/p>\n\n\n\n<p class=\"wp-block-paragraph\">Soyt\u00fcrk, yay\u0131mlad\u0131\u011f\u0131 mesajda, T\u00fcrk milletinin \u00f6nemli \u00f6zelliklerinden biri olan yard\u0131mla\u015fma ve dayan\u0131\u015fma k\u00fclt\u00fcr\u00fcn\u00fcn daha g\u00fc\u00e7l\u00fc bir \u015fekilde tezah\u00fcr etti\u011fi, ihtiya\u00e7 sahiplerinin her zamankinden daha fazla hat\u0131rland\u0131\u011f\u0131 bir Kurban Bayram\u0131&#8217;na daha kavu\u015fman\u0131n millet\u00e7e huzur ve mutlulu\u011funu ya\u015fad\u0131klar\u0131n\u0131 belirtti.<\/p>\n\n\n\n<p class=\"wp-block-paragraph\">Bayramlar\u0131n, birlik, beraberlik ve karde\u015flik duygular\u0131n\u0131n artmas\u0131na vesile oldu\u011funu aktaran Soyt\u00fcrk, &#8220;Kurban Bayram\u0131&#8217;nda aile fertlerimize, akraba ve kom\u015fular\u0131m\u0131za, \u015eehit Ailelerimize, Gazilerimize, engelli karde\u015flerimize, ya\u015fl\u0131 b\u00fcy\u00fcklerimize ve yard\u0131ma muhta\u00e7 vatanda\u015flar\u0131m\u0131za yap\u0131lacak ziyaretler ve onlardan al\u0131nacak hay\u0131r dualar\u0131, kurbanlar\u0131n \u00fclkemizdeki ihtiya\u00e7 sahiplerine ve d\u00fcnya mazlumlar\u0131na ula\u015ft\u0131r\u0131lmas\u0131 bayram\u0131n manevi iklimini daha da g\u00fczelle\u015ftirecektir.&#8221; ifadelerini kulland\u0131.<\/p>\n\n\n\n<p class=\"wp-block-paragraph\">Soyt\u00fcrk, vatanda\u015flar\u0131n Kurban Bayram\u0131&#8217;n\u0131 aileleri ve sevdikleriyle birlikte huzur ve g\u00fcven i\u00e7erisinde ge\u00e7irmeleri i\u00e7in ilgili kamu kurum ve kurulu\u015flar\u0131nca gerekli tedbirleri ald\u0131klar\u0131n\u0131 belirtti.<\/p>\n\n\n\n<p class=\"wp-block-paragraph\">S\u00fcr\u00fcc\u00fclerin trafik kurallar\u0131na her zamankinden \u00e7ok daha fazla riayet etmelerini, trafik kural\u0131 ihlallerinden ka\u00e7\u0131nmalar\u0131n\u0131, uykusuz, yorgun ara\u00e7 kullanmamalar\u0131n\u0131n \u00f6nemli oldu\u011funu belirten Soyt\u00fcrk, Tekirda\u011fl\u0131 vatanda\u015flar\u0131n ve t\u00fcm \u0130slam aleminin bayram\u0131n\u0131 kutlad\u0131.<\/p>\n","protected":false},"excerpt":{"rendered":"<p>Tekirda\u011f Valisi Recep Soyt\u00fcrk, Kurban Bayram\u0131 dolay\u0131s\u0131yla kutlama mesaj\u0131 yay\u0131mlad\u0131. Tekirda\u011f Valisi Recep Soyt\u00fcrk, Kurban&#8230;<\/p>\n","protected":false},"author":1,"featured_media":1151,"comment_status":"closed","ping_status":"closed","sticky":false,"template":"","format":"standard","meta":{"footnotes":""},"categories":[1],"tags":[],"ppma_author":[57],"class_list":["post-1150","post","type-post","status-publish","format-standard","has-post-thumbnail","hentry","category-tekirdag-gundemi"],"authors":[{"term_id":57,"user_id":1,"is_guest":0,"slug":"admin","display_name":"Alp Aslan","avatar_url":"https:\/\/secure.gravatar.com\/avatar\/07c18c5ad3350b025db8f3328450e071acb435c703e565899c880c63362f137a?s=96&d=mm&r=g","author_category":"1","first_name":"Alp Aslan","last_name":"ER\u0130N","user_url":"http:\/\/www.gundem59.com.tr","job_title":"","description":""}],"_links":{"self":[{"href":"https:\/\/gundem59.com.tr\/index.php?rest_route=\/wp\/v2\/posts\/1150","targetHints":{"allow":["GET"]}}],"collection":[{"href":"https:\/\/gundem59.com.tr\/index.php?rest_route=\/wp\/v2\/posts"}],"about":[{"href":"https:\/\/gundem59.com.tr\/index.php?rest_route=\/wp\/v2\/types\/post"}],"author":[{"embeddable":true,"href":"https:\/\/gundem59.com.tr\/index.php?rest_route=\/wp\/v2\/users\/1"}],"replies":[{"embeddable":true,"href":"https:\/\/gundem59.com.tr\/index.php?rest_route=%2Fwp%2Fv2%2Fcomments&post=1150"}],"version-history":[{"count":1,"href":"https:\/\/gundem59.com.tr\/index.php?rest_route=\/wp\/v2\/posts\/1150\/revisions"}],"predecessor-version":[{"id":1152,"href":"https:\/\/gundem59.com.tr\/index.php?rest_route=\/wp\/v2\/posts\/1150\/revisions\/1152"}],"wp:featuredmedia":[{"embeddable":true,"href":"https:\/\/gundem59.com.tr\/index.php?rest_route=\/wp\/v2\/media\/1151"}],"wp:attachment":[{"href":"https:\/\/gundem59.com.tr\/index.php?rest_route=%2Fwp%2Fv2%2Fmedia&parent=1150"}],"wp:term":[{"taxonomy":"category","embeddable":true,"href":"https:\/\/gundem59.com.tr\/index.php?rest_route=%2Fwp%2Fv2%2Fcategories&post=1150"},{"taxonomy":"post_tag","embeddable":true,"href":"https:\/\/gundem59.com.tr\/index.php?rest_route=%2Fwp%2Fv2%2Ftags&post=1150"},{"taxonomy":"author","embeddable":true,"href":"https:\/\/gundem59.com.tr\/index.php?rest_route=%2Fwp%2Fv2%2Fppma_author&post=1150"}],"curies":[{"name":"wp","href":"https:\/\/api.w.org\/{rel}","templated":true}]}}