{"id":1141,"date":"2026-05-26T09:30:23","date_gmt":"2026-05-26T09:30:23","guid":{"rendered":"https:\/\/gundem59.com.tr\/?p=1141"},"modified":"2026-05-26T09:30:23","modified_gmt":"2026-05-26T09:30:23","slug":"tekirdagda-sehit-polisin-cenazesinde-fenalasan-vatandas-hayatini-kaybetti","status":"publish","type":"post","link":"https:\/\/gundem59.com.tr\/?p=1141","title":{"rendered":"Tekirda\u011f\u2019da \u015fehit polisin cenazesinde fenala\u015fan vatanda\u015f hayat\u0131n\u0131 kaybetti"},"content":{"rendered":"\n<p class=\"wp-block-paragraph\">Tekirda\u011f\u2019\u0131n \u00c7orlu il\u00e7esinde, \u015fehit polis memuru Erkan T\u00fct\u00fcnc\u00fcler\u2019in cenaze t\u00f6reninde fenala\u015fan Ahmet Kartal (61), kald\u0131r\u0131ld\u0131\u011f\u0131 hastanede yap\u0131lan t\u00fcm m\u00fcdahalelere ra\u011fmen ya\u015fam\u0131n\u0131 yitirdi. Kartal\u2019\u0131n beyin kanamas\u0131 ge\u00e7irdi\u011fi \u00f6\u011frenildi.<\/p>\n\n\n\n<p class=\"wp-block-paragraph\">Olay, 17 May\u0131s&#8217;ta meydana gelen ve T\u00fcrkiye&#8217;yi yasa bo\u011fan sald\u0131r\u0131da \u015fehit d\u00fc\u015fen polis memurlar\u0131 Erkan T\u00fct\u00fcnc\u00fcler ile Emrah Ko\u00e7 i\u00e7in d\u00fczenlenen cenaze t\u00f6reninde ya\u015fand\u0131. Sald\u0131r\u0131da iki polis memurunu \u015fehit eden olay\u0131n faili oldu\u011fu belirtilen Orhan Altan, g\u00f6zalt\u0131na al\u0131nm\u0131\u015ft\u0131.<\/p>\n\n\n\n<figure class=\"wp-block-image\"><img decoding=\"async\" src=\"https:\/\/iasbh.tmgrup.com.tr\/75cd1b\/0\/0\/0\/0\/0\/0?u=https:\/\/isbh.tmgrup.com.tr\/sbh\/2026\/05\/25\/tekirdagda-sehit-polis-cenazesinde-fenalasan-vatandas-hayatini-kaybetti-1779730370501.jpg&amp;mw=600\"  alt=\"tekirdagda-sehit-polis-cenazesinde-fenalasan-vatandas-hayatini-kaybetti-1779730370501 Tekirda\u011f\u2019da \u015fehit polisin cenazesinde fenala\u015fan vatanda\u015f hayat\u0131n\u0131 kaybetti\"   title=\"\" \/><\/figure>\n\n\n\n<p class=\"wp-block-paragraph\">\u00c7orlu&#8217;da d\u00fczenlenen cenaze t\u00f6reninde, \u015fehit polis memuru Erkan T\u00fct\u00fcnc\u00fcler son yolculu\u011funa u\u011furlan\u0131rken, bir fabrikada \u00e7al\u0131\u015fan Ahmet Kartal t\u00f6rende bulunuyordu. T\u00fcrk bayra\u011f\u0131na sar\u0131l\u0131 \u015fekilde \u015fehitli\u011fe gelen Kartal&#8217;\u0131n, yapt\u0131\u011f\u0131 konu\u015fman\u0131n ard\u0131ndan fenala\u015farak yere y\u0131\u011f\u0131ld\u0131\u011f\u0131 belirtildi. Sa\u011fl\u0131k ekipleri taraf\u0131ndan ilk m\u00fcdahalesi olay yerinde yap\u0131lan Kartal, ambulansla \u00c7orlu Devlet Hastanesi&#8217;ne kald\u0131r\u0131ld\u0131. Doktorlar\u0131n t\u00fcm \u00e7abalar\u0131na ra\u011fmen kurtar\u0131lamayan Kartal&#8217;\u0131n beyin kanamas\u0131 nedeniyle hayat\u0131n\u0131 kaybetti\u011fi ifade edildi. Olay, hem cenazeye kat\u0131lanlar\u0131 hem de kentteki vatanda\u015flar\u0131 derinden \u00fczd\u00fc. \u00c7orlu ve&nbsp;<a href=\"https:\/\/www.sabah.com.tr\/haberleri\/tekirdag\" target=\"_blank\" rel=\"noreferrer noopener\">Tekirda\u011f<\/a>&nbsp;genelinde ya\u015fanan ac\u0131 olay, cenaze t\u00f6renine damga vurdu.<\/p>\n","protected":false},"excerpt":{"rendered":"<p>Tekirda\u011f\u2019\u0131n \u00c7orlu il\u00e7esinde, \u015fehit polis memuru Erkan T\u00fct\u00fcnc\u00fcler\u2019in cenaze t\u00f6reninde fenala\u015fan Ahmet Kartal (61), kald\u0131r\u0131ld\u0131\u011f\u0131&#8230;<\/p>\n","protected":false},"author":1,"featured_media":1142,"comment_status":"closed","ping_status":"closed","sticky":false,"template":"","format":"standard","meta":{"footnotes":""},"categories":[5,1],"tags":[],"ppma_author":[57],"class_list":["post-1141","post","type-post","status-publish","format-standard","has-post-thumbnail","hentry","category-corlu","category-tekirdag-gundemi"],"authors":[{"term_id":57,"user_id":1,"is_guest":0,"slug":"admin","display_name":"Alp Aslan","avatar_url":"https:\/\/secure.gravatar.com\/avatar\/07c18c5ad3350b025db8f3328450e071acb435c703e565899c880c63362f137a?s=96&d=mm&r=g","author_category":"1","first_name":"Alp Aslan","last_name":"ER\u0130N","user_url":"http:\/\/www.gundem59.com.tr","job_title":"","description":""}],"_links":{"self":[{"href":"https:\/\/gundem59.com.tr\/index.php?rest_route=\/wp\/v2\/posts\/1141","targetHints":{"allow":["GET"]}}],"collection":[{"href":"https:\/\/gundem59.com.tr\/index.php?rest_route=\/wp\/v2\/posts"}],"about":[{"href":"https:\/\/gundem59.com.tr\/index.php?rest_route=\/wp\/v2\/types\/post"}],"author":[{"embeddable":true,"href":"https:\/\/gundem59.com.tr\/index.php?rest_route=\/wp\/v2\/users\/1"}],"replies":[{"embeddable":true,"href":"https:\/\/gundem59.com.tr\/index.php?rest_route=%2Fwp%2Fv2%2Fcomments&post=1141"}],"version-history":[{"count":1,"href":"https:\/\/gundem59.com.tr\/index.php?rest_route=\/wp\/v2\/posts\/1141\/revisions"}],"predecessor-version":[{"id":1143,"href":"https:\/\/gundem59.com.tr\/index.php?rest_route=\/wp\/v2\/posts\/1141\/revisions\/1143"}],"wp:featuredmedia":[{"embeddable":true,"href":"https:\/\/gundem59.com.tr\/index.php?rest_route=\/wp\/v2\/media\/1142"}],"wp:attachment":[{"href":"https:\/\/gundem59.com.tr\/index.php?rest_route=%2Fwp%2Fv2%2Fmedia&parent=1141"}],"wp:term":[{"taxonomy":"category","embeddable":true,"href":"https:\/\/gundem59.com.tr\/index.php?rest_route=%2Fwp%2Fv2%2Fcategories&post=1141"},{"taxonomy":"post_tag","embeddable":true,"href":"https:\/\/gundem59.com.tr\/index.php?rest_route=%2Fwp%2Fv2%2Ftags&post=1141"},{"taxonomy":"author","embeddable":true,"href":"https:\/\/gundem59.com.tr\/index.php?rest_route=%2Fwp%2Fv2%2Fppma_author&post=1141"}],"curies":[{"name":"wp","href":"https:\/\/api.w.org\/{rel}","templated":true}]}}