{"id":1138,"date":"2026-05-26T09:27:41","date_gmt":"2026-05-26T09:27:41","guid":{"rendered":"https:\/\/gundem59.com.tr\/?p=1138"},"modified":"2026-05-26T09:27:42","modified_gmt":"2026-05-26T09:27:42","slug":"tekirdag-valisi-soyturkten-sehit-polislerin-ailelerine-ziyaret","status":"publish","type":"post","link":"https:\/\/gundem59.com.tr\/?p=1138","title":{"rendered":"Tekirda\u011f Valisi Soyt\u00fcrk&#8217;ten \u015fehit polislerin ailelerine ziyaret"},"content":{"rendered":"\n<p class=\"wp-block-paragraph\">Tekirda\u011f Valisi Recep Soyt\u00fcrk, \u00c7orlu il\u00e7esinde \u015fehit polis memurlar\u0131 Erkan T\u00fct\u00fcnc\u00fcler ve Emrah Ko\u00e7&#8217;un ailelerini ziyaret etti.<\/p>\n\n\n\n<p class=\"wp-block-paragraph\">Valilikten yap\u0131lan a\u00e7\u0131klamaya g\u00f6re, Soyt\u00fcrk, T\u00fct\u00fcnc\u00fcler ve Ko\u00e7&#8217;un ailelerini ziyaret ederek, ailelerle bir s\u00fcre g\u00f6r\u00fc\u015ft\u00fc.<\/p>\n\n\n\n<p class=\"wp-block-paragraph\">Ailelere sab\u0131r dileyen Soyt\u00fcrk, devletin her zaman \u015fehit ailelerinin yan\u0131nda oldu\u011funu belirtti.<\/p>\n\n\n\n<p class=\"wp-block-paragraph\">\u015eehitlere \u015f\u00fckran ve minnet bor\u00e7lu olduuklar\u0131n\u0131 aktaran Soyt\u00fcrk, kap\u0131lar\u0131n\u0131n her zaman \u015fehit ailelerine a\u00e7\u0131k olduklar\u0131n\u0131 ifade etti.<\/p>\n\n\n\n<p class=\"wp-block-paragraph\">Ziyarette Soyt\u00fcrk&#8217;e, \u00c7orlu Kaymakam\u0131 Niyazi Erten, Tekirda\u011f B\u00fcy\u00fck\u015fehir Belediye Ba\u015fkanl\u0131\u011f\u0131 Genel Sekreter Yard\u0131mc\u0131s\u0131 Arzu \u00c7ebi ve \u0130l Emniyet M\u00fcd\u00fcr\u00fc Ahmet Metin Turanl\u0131 e\u015flik etti.<\/p>\n","protected":false},"excerpt":{"rendered":"<p>Tekirda\u011f Valisi Recep Soyt\u00fcrk, \u00c7orlu il\u00e7esinde \u015fehit polis memurlar\u0131 Erkan T\u00fct\u00fcnc\u00fcler ve Emrah Ko\u00e7&#8217;un ailelerini&#8230;<\/p>\n","protected":false},"author":1,"featured_media":1139,"comment_status":"closed","ping_status":"closed","sticky":false,"template":"","format":"standard","meta":{"footnotes":""},"categories":[1],"tags":[],"ppma_author":[57],"class_list":["post-1138","post","type-post","status-publish","format-standard","has-post-thumbnail","hentry","category-tekirdag-gundemi"],"authors":[{"term_id":57,"user_id":1,"is_guest":0,"slug":"admin","display_name":"Alp Aslan","avatar_url":"https:\/\/secure.gravatar.com\/avatar\/07c18c5ad3350b025db8f3328450e071acb435c703e565899c880c63362f137a?s=96&d=mm&r=g","author_category":"1","first_name":"Alp Aslan","last_name":"ER\u0130N","user_url":"http:\/\/www.gundem59.com.tr","job_title":"","description":""}],"_links":{"self":[{"href":"https:\/\/gundem59.com.tr\/index.php?rest_route=\/wp\/v2\/posts\/1138","targetHints":{"allow":["GET"]}}],"collection":[{"href":"https:\/\/gundem59.com.tr\/index.php?rest_route=\/wp\/v2\/posts"}],"about":[{"href":"https:\/\/gundem59.com.tr\/index.php?rest_route=\/wp\/v2\/types\/post"}],"author":[{"embeddable":true,"href":"https:\/\/gundem59.com.tr\/index.php?rest_route=\/wp\/v2\/users\/1"}],"replies":[{"embeddable":true,"href":"https:\/\/gundem59.com.tr\/index.php?rest_route=%2Fwp%2Fv2%2Fcomments&post=1138"}],"version-history":[{"count":1,"href":"https:\/\/gundem59.com.tr\/index.php?rest_route=\/wp\/v2\/posts\/1138\/revisions"}],"predecessor-version":[{"id":1140,"href":"https:\/\/gundem59.com.tr\/index.php?rest_route=\/wp\/v2\/posts\/1138\/revisions\/1140"}],"wp:featuredmedia":[{"embeddable":true,"href":"https:\/\/gundem59.com.tr\/index.php?rest_route=\/wp\/v2\/media\/1139"}],"wp:attachment":[{"href":"https:\/\/gundem59.com.tr\/index.php?rest_route=%2Fwp%2Fv2%2Fmedia&parent=1138"}],"wp:term":[{"taxonomy":"category","embeddable":true,"href":"https:\/\/gundem59.com.tr\/index.php?rest_route=%2Fwp%2Fv2%2Fcategories&post=1138"},{"taxonomy":"post_tag","embeddable":true,"href":"https:\/\/gundem59.com.tr\/index.php?rest_route=%2Fwp%2Fv2%2Ftags&post=1138"},{"taxonomy":"author","embeddable":true,"href":"https:\/\/gundem59.com.tr\/index.php?rest_route=%2Fwp%2Fv2%2Fppma_author&post=1138"}],"curies":[{"name":"wp","href":"https:\/\/api.w.org\/{rel}","templated":true}]}}