{"id":1128,"date":"2026-05-25T15:33:50","date_gmt":"2026-05-25T15:33:50","guid":{"rendered":"https:\/\/gundem59.com.tr\/?p=1128"},"modified":"2026-05-25T15:33:50","modified_gmt":"2026-05-25T15:33:50","slug":"kilicdaroglunu-ziyaret-eden-avukati-duyurdu-bazi-chpli-vekillere-ihrac-geliyor","status":"publish","type":"post","link":"https:\/\/gundem59.com.tr\/?p=1128","title":{"rendered":"K\u0131l\u0131\u00e7daro\u011flu&#8217;nu ziyaret eden avukat\u0131 duyurdu! Baz\u0131 CHP&#8217;li vekillere ihra\u00e7 geliyor"},"content":{"rendered":"\n<p class=\"wp-block-paragraph\">CHP\u2019de \u201cmutlak butlan\u201d karar\u0131n\u0131n ard\u0131ndan gerilim s\u00fcrerken, K\u0131l\u0131\u00e7daro\u011flu\u2019nu ziyaret eden kurultay davas\u0131n\u0131n avukat\u0131 Onur \u00dcregen\u2019den dikkat \u00e7eken a\u00e7\u0131klamalar geldi. \u00dcregen, s\u00fcre\u00e7le ilgili bilgilendirme yapt\u0131\u011f\u0131n\u0131 belirtirken, partide ihra\u00e7lara y\u00f6nelik \u00e7al\u0131\u015fma yap\u0131laca\u011f\u0131n\u0131 s\u00f6yledi. CHP \u0130zmir Milletvekili Mahir Polat da d\u00fcn yapt\u0131\u011f\u0131 a\u00e7\u0131klamada &#8220;Disipline sevk edilecekler var. Kemal Bey&#8217;e hain diyenlerin partiyle ili\u015fi\u011fi kesilir&#8221; ifadelerini kullanm\u0131\u015ft\u0131.<\/p>\n\n\n\n<p class=\"wp-block-paragraph\">CHP\u2019nin 38. Ola\u011fan Kurultay\u0131 hakk\u0131nda verilen \u201cmutlak butlan\u201d karar\u0131n\u0131n ard\u0131ndan parti i\u00e7indeki gerilim s\u00fcrerken, kurultay davas\u0131nda delegelerin avukat\u0131 olan Onur \u00dcregen\u2019den dikkat \u00e7eken a\u00e7\u0131klamalar geldi.<\/p>\n\n\n\n<h3 class=\"wp-block-heading\">\u201cKEMAL BEY\u2019E S\u00dcRE\u00c7LE \u0130LG\u0130L\u0130 B\u0130LG\u0130 VERD\u0130M\u201d<\/h3>\n\n\n\n<p class=\"wp-block-paragraph\">Kemal K\u0131l\u0131\u00e7daro\u011flu\u2019nu evinde ziyaret etti\u011fini s\u00f6yleyen \u00dcregen, \u201cD\u00fcn partimizin tekrar teslimini icra kanal\u0131yla hallettik. S\u00fcre\u00e7le ilgili bilgilendirmelerde bulundum. Bundan sonra neler yap\u0131labilir, yol haritas\u0131 ne olacak, \u00fczerimize d\u00fc\u015fen ne varsa aktard\u0131m\u201d dedi.<\/p>\n\n\n\n<h3 class=\"wp-block-heading\">\u201cKEMAL BEY\u2019\u0130N SES\u0130 KISIK\u201d<\/h3>\n\n\n\n<p class=\"wp-block-paragraph\">K\u0131l\u0131\u00e7daro\u011flu\u2019nun sa\u011fl\u0131k durumunun iyi oldu\u011funu belirten \u00dcregen, sadece sesinde k\u0131s\u0131lma bulundu\u011funu ifade etti. K\u0131l\u0131\u00e7daro\u011flu\u2019nun bug\u00fcn Genel Merkez\u2019e gidip gitmeyece\u011fine ili\u015fkin sorular\u0131n ise bas\u0131n dan\u0131\u015fman\u0131 taraf\u0131ndan yan\u0131tlanaca\u011f\u0131n\u0131 s\u00f6yledi.<\/p>\n\n\n\n<h3 class=\"wp-block-heading\">\u201cYA\u015eANANLARA \u00dcZ\u00dcLD\u00dc\u201d<\/h3>\n\n\n\n<p class=\"wp-block-paragraph\">Genel Merkez\u2019de ya\u015fanan olaylara ili\u015fkin konu\u015fan \u00dcregen, K\u0131l\u0131\u00e7daro\u011flu\u2019nun ya\u015fananlardan dolay\u0131 \u00fczg\u00fcn oldu\u011funu belirterek, \u201cKimsenin ho\u015funa gidecek \u015feyler de\u011fil ama bundan sonra yapacak bir \u015fey yok. El birli\u011fiyle partiyi daha iyi yerlere ta\u015f\u0131mak i\u00e7in bar\u0131\u015f i\u00e7inde ne gerekiyorsa yapaca\u011f\u0131z\u201d ifadelerini kulland\u0131.<\/p>\n\n\n\n<h3 class=\"wp-block-heading\">\u201c\u0130HRA\u00c7LARLA \u0130LG\u0130L\u0130 \u00c7ALI\u015eMAMIZ OLACAK\u201d<\/h3>\n\n\n\n<p class=\"wp-block-paragraph\">Baz\u0131 milletvekillerinin ihra\u00e7 edilece\u011fi y\u00f6n\u00fcndeki iddialara ili\u015fkin de konu\u015fan \u00dcregen, \u201cOnlarla ilgili bir \u00e7al\u0131\u015fmam\u0131z olacak\u201d dedi.<\/p>\n\n\n\n<p class=\"wp-block-paragraph\"><img  title=\"\" decoding=\"async\"  alt=\"kilicdaroglunu-ziyaret-eden-av-19881547-3757_1_m K\u0131l\u0131\u00e7daro\u011flu&#039;nu ziyaret eden avukat\u0131 duyurdu! Baz\u0131 CHP&#039;li vekillere ihra\u00e7 geliyor\"  src=\"https:\/\/foto.sondakika.com\/haber\/2026\/05\/25\/kilicdaroglunu-ziyaret-eden-av-19881547-3757_1_m.jpg\">CHP \u0130zmir Milletvekili Mahir Polat<\/p>\n\n\n\n<h3 class=\"wp-block-heading\">CHP&#8217;L\u0130 POLAT DA \u0130HRA\u00c7 VURGUSU YAPMI\u015eTI<\/h3>\n\n\n\n<p class=\"wp-block-paragraph\">D\u00fcn a\u00e7\u0131klama yapan&nbsp;CHP \u0130zmir Milletvekili Mahir Polat da&nbsp;kurultay s\u00fcrecinde ve sonras\u0131nda Kemal K\u0131l\u0131\u00e7daro\u011flu\u2019na y\u00f6nelik sert ele\u015ftirilerde bulunan isimlerin hedefte oldu\u011funu s\u00f6ylemi\u015fti. Polat, &#8220;Disipline sevk edilecekler var. Kemal Bey&#8217;e hain diyenlerin partiyle ili\u015fi\u011fi kesilir&#8221; diyerek, taviz verilmeyece\u011fini ve partiden ihra\u00e7 s\u00fcre\u00e7lerinin i\u015fletilece\u011fini a\u00e7\u0131k\u00e7a ifade etmi\u015fti.<\/p>\n\n\n\n<h3 class=\"wp-block-heading\">4 VEK\u0130L \u0130DD\u0130ASI G\u00dcNDEM OLDU<\/h3>\n\n\n\n<p class=\"wp-block-paragraph\">\u00d6te yandan K\u0131l\u0131\u00e7daro\u011flu\u2019nun,&nbsp;<a href=\"https:\/\/www.sondakika.com\/ozgur-ozel\/\">\u00d6zg\u00fcr \u00d6zel<\/a>&nbsp;ile yapt\u0131\u011f\u0131 g\u00f6r\u00fc\u015fmede kurultay\u0131n toplanabilmesi i\u00e7in dikkat \u00e7eken bir \u015fart \u00f6ne s\u00fcrd\u00fc\u011f\u00fc iddia edildi.&nbsp;\u0130ddiaya g\u00f6re K\u0131l\u0131\u00e7daro\u011flu, \u00d6zel\u2019e yak\u0131nl\u0131\u011f\u0131yla bilinen CHP Grup Ba\u015fkanvekili Ali Mahir Ba\u015far\u0131r, CHP Genel Ba\u015fkan Yard\u0131mc\u0131s\u0131 Burhanettin Bulut, CHP Malatya Milletvekili Veli A\u011fbaba ve CHP Ankara Milletvekili Umut Akdo\u011fan\u2019\u0131n partiden uzakla\u015ft\u0131r\u0131lmas\u0131n\u0131 ya da istifa ettirilmesini istedi.<\/p>\n\n\n\n<h3 class=\"wp-block-heading\">\u00d6ZG\u00dcR \u00d6ZEL\u2019\u0130N TALEBE \u201cHAYIR\u201d DED\u0130\u011e\u0130 \u0130DD\u0130ASI<\/h3>\n\n\n\n<p class=\"wp-block-paragraph\">Nefes gazetesinde yer alan habere g\u00f6re \u00d6zg\u00fcr \u00d6zel\u2019in, K\u0131l\u0131\u00e7daro\u011flu\u2019nun bu talebine olumlu yakla\u015fmad\u0131\u011f\u0131 ve g\u00f6r\u00fc\u015fmede \u201chay\u0131r\u201d yan\u0131t\u0131 verdi\u011fi \u00f6ne s\u00fcr\u00fcld\u00fc.<\/p>\n\n\n\n<h3 class=\"wp-block-heading\">\u201cMUTLAK BUTLAN\u201d KARARI<\/h3>\n\n\n\n<p class=\"wp-block-paragraph\">Ankara B\u00f6lge Adliye Mahkemesi 36. Hukuk Dairesi, CHP\u2019nin 4-5 Kas\u0131m 2023\u2019te yap\u0131lan 38. Ola\u011fan Kurultay\u0131\u2019n\u0131n iptaline ili\u015fkin davada, \u00d6zg\u00fcr \u00d6zel ile parti y\u00f6netiminin tedbiren g\u00f6revden uzakla\u015ft\u0131r\u0131lmas\u0131na, Kemal K\u0131l\u0131\u00e7daro\u011flu ile y\u00f6netiminin g\u00f6revi devralmas\u0131na karar vermi\u015fti.<\/p>\n","protected":false},"excerpt":{"rendered":"<p>CHP\u2019de \u201cmutlak butlan\u201d karar\u0131n\u0131n ard\u0131ndan gerilim s\u00fcrerken, K\u0131l\u0131\u00e7daro\u011flu\u2019nu ziyaret eden kurultay davas\u0131n\u0131n avukat\u0131 Onur \u00dcregen\u2019den&#8230;<\/p>\n","protected":false},"author":1,"featured_media":1129,"comment_status":"closed","ping_status":"closed","sticky":false,"template":"","format":"standard","meta":{"footnotes":""},"categories":[52],"tags":[],"ppma_author":[57],"class_list":["post-1128","post","type-post","status-publish","format-standard","has-post-thumbnail","hentry","category-politika"],"authors":[{"term_id":57,"user_id":1,"is_guest":0,"slug":"admin","display_name":"Alp Aslan","avatar_url":"https:\/\/secure.gravatar.com\/avatar\/07c18c5ad3350b025db8f3328450e071acb435c703e565899c880c63362f137a?s=96&d=mm&r=g","author_category":"1","first_name":"Alp Aslan","last_name":"ER\u0130N","user_url":"http:\/\/www.gundem59.com.tr","job_title":"","description":""}],"_links":{"self":[{"href":"https:\/\/gundem59.com.tr\/index.php?rest_route=\/wp\/v2\/posts\/1128","targetHints":{"allow":["GET"]}}],"collection":[{"href":"https:\/\/gundem59.com.tr\/index.php?rest_route=\/wp\/v2\/posts"}],"about":[{"href":"https:\/\/gundem59.com.tr\/index.php?rest_route=\/wp\/v2\/types\/post"}],"author":[{"embeddable":true,"href":"https:\/\/gundem59.com.tr\/index.php?rest_route=\/wp\/v2\/users\/1"}],"replies":[{"embeddable":true,"href":"https:\/\/gundem59.com.tr\/index.php?rest_route=%2Fwp%2Fv2%2Fcomments&post=1128"}],"version-history":[{"count":1,"href":"https:\/\/gundem59.com.tr\/index.php?rest_route=\/wp\/v2\/posts\/1128\/revisions"}],"predecessor-version":[{"id":1130,"href":"https:\/\/gundem59.com.tr\/index.php?rest_route=\/wp\/v2\/posts\/1128\/revisions\/1130"}],"wp:featuredmedia":[{"embeddable":true,"href":"https:\/\/gundem59.com.tr\/index.php?rest_route=\/wp\/v2\/media\/1129"}],"wp:attachment":[{"href":"https:\/\/gundem59.com.tr\/index.php?rest_route=%2Fwp%2Fv2%2Fmedia&parent=1128"}],"wp:term":[{"taxonomy":"category","embeddable":true,"href":"https:\/\/gundem59.com.tr\/index.php?rest_route=%2Fwp%2Fv2%2Fcategories&post=1128"},{"taxonomy":"post_tag","embeddable":true,"href":"https:\/\/gundem59.com.tr\/index.php?rest_route=%2Fwp%2Fv2%2Ftags&post=1128"},{"taxonomy":"author","embeddable":true,"href":"https:\/\/gundem59.com.tr\/index.php?rest_route=%2Fwp%2Fv2%2Fppma_author&post=1128"}],"curies":[{"name":"wp","href":"https:\/\/api.w.org\/{rel}","templated":true}]}}