{"id":1125,"date":"2026-05-25T15:30:34","date_gmt":"2026-05-25T15:30:34","guid":{"rendered":"https:\/\/gundem59.com.tr\/?p=1125"},"modified":"2026-05-25T15:30:35","modified_gmt":"2026-05-25T15:30:35","slug":"baykalin-a-takimindaki-isimden-chpdeki-krizi-iliskin-dikkat-ceken-mesaj","status":"publish","type":"post","link":"https:\/\/gundem59.com.tr\/?p=1125","title":{"rendered":"Baykal&#8217;\u0131n A tak\u0131m\u0131ndaki isimden CHP\u2019deki krizi ili\u015fkin dikkat \u00e7eken mesaj"},"content":{"rendered":"\n<p class=\"wp-block-paragraph\">CHP\u2019de ya\u015fanan y\u00f6netim tart\u0131\u015fmalar\u0131 ve genel merkezde ya\u015fanan polis m\u00fcdahalesinin ard\u0131ndan g\u00f6zler parti i\u00e7inden gelen a\u00e7\u0131klamalara \u00e7evrildi. Eski CHP Genel Ba\u015fkan Yard\u0131mc\u0131s\u0131 Y\u0131lmaz Ate\u015f, mahkeme karar\u0131yla tedbiren genel ba\u015fkanl\u0131k g\u00f6revine getirilen Kemal K\u0131l\u0131\u00e7daro\u011flu ile bir araya geldi. Ziyaret sonras\u0131 konu\u015fan Ate\u015f, ya\u015fanan g\u00f6r\u00fcnt\u00fclerden duydu\u011fu rahats\u0131zl\u0131\u011f\u0131 dile getirerek, &#8220;\u0130\u00e7im kanayarak izledim&#8221; dedi ve parti i\u00e7inde birlik ve sa\u011fduyu \u00e7a\u011fr\u0131s\u0131 yapt\u0131.<\/p>\n\n\n\n<p class=\"wp-block-paragraph\">Eski CHP Genel Ba\u015fkan Yard\u0131mc\u0131s\u0131&nbsp;<a href=\"https:\/\/www.sondakika.com\/yilmaz-ates\/\">Y\u0131lmaz Ate\u015f<\/a>, istinaf karar\u0131yla CHP Genel Ba\u015fkanl\u0131\u011f\u0131 g\u00f6revine tedbiren getirilen Kemal K\u0131l\u0131\u00e7daro\u011flu\u2019nu Ankara \u00c7ukurambar\u2019daki \u00e7al\u0131\u015fma ofisinde ziyaret etti. Ziyaret sonras\u0131 a\u00e7\u0131klamalarda bulunan Ate\u015f, CHP Genel Merkezi\u2019ne y\u00f6nelik polis m\u00fcdahalesine tepki g\u00f6stererek ya\u015fanan s\u00fcrecin parti a\u00e7\u0131s\u0131ndan \u00fcz\u00fcc\u00fc oldu\u011funu s\u00f6yledi.<\/p>\n\n\n\n<h3 class=\"wp-block-heading\">\u201cCHP\u2019DE B\u0130RL\u0130K VE BERABERL\u0130K SA\u011eLANMALI\u201d<\/h3>\n\n\n\n<p class=\"wp-block-paragraph\">Ate\u015f, CHP\u2019nin T\u00fcrkiye\u2019nin kurucu ve kurtar\u0131c\u0131 partisi oldu\u011funu belirterek, b\u00f6lgesel geli\u015fmelerin ve sava\u015f ortam\u0131n\u0131n ya\u015fand\u0131\u011f\u0131 bir d\u00f6nemde toplumsal birlik ve beraberli\u011fin \u00f6nem kazand\u0131\u011f\u0131n\u0131 ifade etti. T\u00fcrkiye\u2019de milli birlik ortam\u0131n\u0131n g\u00fc\u00e7lenebilmesi i\u00e7in \u00f6ncelikle CHP i\u00e7erisinde uzla\u015f\u0131 ve b\u00fct\u00fcnl\u00fc\u011f\u00fcn sa\u011flanmas\u0131 gerekti\u011fini dile getirdi.<\/p>\n\n\n\n<h3 class=\"wp-block-heading\">\u201cBU NOKTAYA GEL\u0130NMEMES\u0130 GEREK\u0130YORDU\u201d<\/h3>\n\n\n\n<p class=\"wp-block-paragraph\">CHP Genel Merkezi\u2019ne polis e\u015fli\u011finde girilmesine ili\u015fkin de\u011ferlendirmelerde bulunan Ate\u015f, ya\u015fanan g\u00f6r\u00fcnt\u00fclerin kendisini derinden etkiledi\u011fini s\u00f6yledi. Ate\u015f, \u201c\u0130\u00e7im kanayarak izledim. Bu noktaya gelmemesi gerekiyordu. Do\u011fru bir \u015fey de\u011fildi. Bu sorun hi\u00e7birimiz arzu etmiyorduk ama bu sorun ortaya \u00e7\u0131kt\u0131ktan sonra da herkes elinden geleni yapmal\u0131\u201d ifadelerini kulland\u0131.<\/p>\n\n\n\n<h3 class=\"wp-block-heading\">UZLA\u015eI \u00c7A\u011eRISI YAPTI<\/h3>\n\n\n\n<p class=\"wp-block-paragraph\">A\u00e7\u0131klamas\u0131nda taraflara da mesaj veren Ate\u015f, ortaya \u00e7\u0131kan tablo kar\u015f\u0131s\u0131nda t\u00fcm akt\u00f6rlerin sorumluluk almas\u0131 gerekti\u011fini vurgulayarak, parti i\u00e7inde tansiyonu d\u00fc\u015f\u00fcrecek ad\u0131mlar\u0131n \u00f6nemine dikkat \u00e7ekti.<\/p>\n\n\n\n<h3 class=\"wp-block-heading\">DEN\u0130Z BAYKAL&#8217;A EN YAKIN \u0130S\u0130MLERDEND\u0130<\/h3>\n\n\n\n<p class=\"wp-block-paragraph\">Ate\u015f, CHP eski genel ba\u015fkan\u0131 Deniz Baykal&#8217;a en yak\u0131n isimlerden biriydi.&nbsp; K\u0131l\u0131\u00e7daro\u011flu&#8217;nun da uzun y\u0131llar boyunca onun en sert muhaliflerinden biri olmu\u015ftu. Ate\u015f, Kemal K\u0131l\u0131\u00e7daro\u011flu&#8217;nu genel ba\u015fkanl\u0131k s\u00fcrecinden itibaren a\u00e7\u0131k\u00e7a ele\u015ftirirken, onu kaset kumpas\u0131yla g\u00f6reve gelmekle su\u00e7lam\u0131\u015f, \u00f6zellikle se\u00e7im yenilgilerinden sonra istifa etmesi gerekti\u011fi y\u00f6n\u00fcnde sert \u00e7\u0131k\u0131\u015flarda bulunmu\u015ftu.<\/p>\n","protected":false},"excerpt":{"rendered":"<p>CHP\u2019de ya\u015fanan y\u00f6netim tart\u0131\u015fmalar\u0131 ve genel merkezde ya\u015fanan polis m\u00fcdahalesinin ard\u0131ndan g\u00f6zler parti i\u00e7inden gelen&#8230;<\/p>\n","protected":false},"author":1,"featured_media":1126,"comment_status":"closed","ping_status":"closed","sticky":false,"template":"","format":"standard","meta":{"footnotes":""},"categories":[52],"tags":[],"ppma_author":[57],"class_list":["post-1125","post","type-post","status-publish","format-standard","has-post-thumbnail","hentry","category-politika"],"authors":[{"term_id":57,"user_id":1,"is_guest":0,"slug":"admin","display_name":"Alp Aslan","avatar_url":"https:\/\/secure.gravatar.com\/avatar\/07c18c5ad3350b025db8f3328450e071acb435c703e565899c880c63362f137a?s=96&d=mm&r=g","author_category":"1","first_name":"Alp Aslan","last_name":"ER\u0130N","user_url":"http:\/\/www.gundem59.com.tr","job_title":"","description":""}],"_links":{"self":[{"href":"https:\/\/gundem59.com.tr\/index.php?rest_route=\/wp\/v2\/posts\/1125","targetHints":{"allow":["GET"]}}],"collection":[{"href":"https:\/\/gundem59.com.tr\/index.php?rest_route=\/wp\/v2\/posts"}],"about":[{"href":"https:\/\/gundem59.com.tr\/index.php?rest_route=\/wp\/v2\/types\/post"}],"author":[{"embeddable":true,"href":"https:\/\/gundem59.com.tr\/index.php?rest_route=\/wp\/v2\/users\/1"}],"replies":[{"embeddable":true,"href":"https:\/\/gundem59.com.tr\/index.php?rest_route=%2Fwp%2Fv2%2Fcomments&post=1125"}],"version-history":[{"count":1,"href":"https:\/\/gundem59.com.tr\/index.php?rest_route=\/wp\/v2\/posts\/1125\/revisions"}],"predecessor-version":[{"id":1127,"href":"https:\/\/gundem59.com.tr\/index.php?rest_route=\/wp\/v2\/posts\/1125\/revisions\/1127"}],"wp:featuredmedia":[{"embeddable":true,"href":"https:\/\/gundem59.com.tr\/index.php?rest_route=\/wp\/v2\/media\/1126"}],"wp:attachment":[{"href":"https:\/\/gundem59.com.tr\/index.php?rest_route=%2Fwp%2Fv2%2Fmedia&parent=1125"}],"wp:term":[{"taxonomy":"category","embeddable":true,"href":"https:\/\/gundem59.com.tr\/index.php?rest_route=%2Fwp%2Fv2%2Fcategories&post=1125"},{"taxonomy":"post_tag","embeddable":true,"href":"https:\/\/gundem59.com.tr\/index.php?rest_route=%2Fwp%2Fv2%2Ftags&post=1125"},{"taxonomy":"author","embeddable":true,"href":"https:\/\/gundem59.com.tr\/index.php?rest_route=%2Fwp%2Fv2%2Fppma_author&post=1125"}],"curies":[{"name":"wp","href":"https:\/\/api.w.org\/{rel}","templated":true}]}}