{"id":1059,"date":"2026-05-24T07:40:54","date_gmt":"2026-05-24T07:40:54","guid":{"rendered":"https:\/\/gundem59.com.tr\/?p=1059"},"modified":"2026-05-24T07:40:54","modified_gmt":"2026-05-24T07:40:54","slug":"fenerbahcede-ayrilik-boyle-bir-sonu-kimse-tahmin-edemezdi","status":"publish","type":"post","link":"https:\/\/gundem59.com.tr\/?p=1059","title":{"rendered":"Fenerbah\u00e7e&#8217;de ayr\u0131l\u0131k! B\u00f6yle bir sonu kimse tahmin edemezdi"},"content":{"rendered":"\n<p class=\"wp-block-paragraph\">Atletico Mineiro\u2019nun Fenerbah\u00e7eli Fred i\u00e7in g\u00f6r\u00fc\u015fmelere ba\u015flad\u0131\u011f\u0131 \u00f6ne s\u00fcr\u00fcld\u00fc. Sar\u0131-lacivertlilerin, tatmin edici bir teklif gelmesi halinde Brezilyal\u0131 y\u0131ld\u0131z\u0131n ayr\u0131l\u0131\u011f\u0131na s\u0131cak bakt\u0131\u011f\u0131 belirtildi.<\/p>\n\n\n\n<p class=\"wp-block-paragraph\">Fenerbah\u00e7e\u2019nin Brezilyal\u0131 y\u0131ld\u0131z\u0131 Fred i\u00e7in \u00fclkesinden s\u00fcrpriz bir transfer iddias\u0131 ortaya at\u0131ld\u0131. Atletico Mineiro\u2019nun deneyimli futbolcu i\u00e7in giri\u015fimlere ba\u015flad\u0131\u011f\u0131 \u00f6ne s\u00fcr\u00fcld\u00fc.<\/p>\n\n\n\n<h3 class=\"wp-block-heading\">ATLETICO MINEIRO DEVREDE<\/h3>\n\n\n\n<p class=\"wp-block-paragraph\">ESPN Brasil\u2019in haberine g\u00f6re Brezilya ekibi Atletico Mineiro, Fred transferi i\u00e7in g\u00f6r\u00fc\u015fmelere ba\u015flad\u0131.&nbsp;Kul\u00fcb\u00fcn deneyimli orta sahay\u0131 kadrosuna katmak istedi\u011fi belirtildi.<\/p>\n\n\n\n<h3 class=\"wp-block-heading\">FRED \u00dcLKES\u0130NE D\u00d6NMEK \u0130ST\u0130YOR<\/h3>\n\n\n\n<p class=\"wp-block-paragraph\">Haberde Fred\u2019in kariyerine yeniden Brezilya\u2019da devam etmeye s\u0131cak bakt\u0131\u011f\u0131 ifade edildi.&nbsp;Tecr\u00fcbeli futbolcunun \u00fclkesine d\u00f6nme fikrine olumlu yakla\u015ft\u0131\u011f\u0131 aktar\u0131ld\u0131.<\/p>\n\n\n\n<figure class=\"wp-block-image\"><img  title=\"\" decoding=\"async\" src=\"https:\/\/foto.sondakika.com\/haber\/2026\/05\/23\/fenerbahcede-ayrilik-boyle-bir-93332f8bb4-5650_1_m.jpg\"  alt=\"fenerbahcede-ayrilik-boyle-bir-93332f8bb4-5650_1_m Fenerbah\u00e7e&#039;de ayr\u0131l\u0131k! B\u00f6yle bir sonu kimse tahmin edemezdi\" \/><\/figure>\n\n\n\n<h3 class=\"wp-block-heading\">FENERBAH\u00c7E TEKL\u0130F BEKL\u0130YOR<\/h3>\n\n\n\n<p class=\"wp-block-paragraph\">Sar\u0131-lacivertli y\u00f6netimin ise tatmin edici bir bonservis teklifi gelmesi halinde ayr\u0131l\u0131\u011fa onay verebilece\u011fi belirtildi.&nbsp;Fenerbah\u00e7e\u2019nin transfer s\u00fcrecini yak\u0131ndan takip etti\u011fi \u00f6\u011frenildi.<\/p>\n\n\n\n<h3 class=\"wp-block-heading\">ORTA SAHANIN VAZGE\u00c7\u0130LMEZ\u0130 OLDU<\/h3>\n\n\n\n<p class=\"wp-block-paragraph\">Fred, Fenerbah\u00e7e formas\u0131yla sergiledi\u011fi performansla tak\u0131m\u0131n en \u00f6nemli isimlerinden biri haline gelmi\u015fti.&nbsp;Brezilyal\u0131 y\u0131ld\u0131z \u00f6zellikle orta sahadaki enerjisi ve oyun temposuyla dikkat \u00e7ekmi\u015fti.<\/p>\n\n\n\n<h3 class=\"wp-block-heading\">G\u00d6ZLER RESM\u0130 GEL\u0130\u015eMELERDE<\/h3>\n\n\n\n<p class=\"wp-block-paragraph\">Transfer iddialar\u0131n\u0131n ard\u0131ndan g\u00f6zler Atletico Mineiro ve Fenerbah\u00e7e cephesinden gelecek resmi a\u00e7\u0131klamalara \u00e7evrildi.&nbsp;Fred\u2019in gelece\u011finin \u00f6n\u00fcm\u00fczdeki g\u00fcnlerde netlik kazanmas\u0131 bekleniyor.<\/p>\n","protected":false},"excerpt":{"rendered":"<p>Atletico Mineiro\u2019nun Fenerbah\u00e7eli Fred i\u00e7in g\u00f6r\u00fc\u015fmelere ba\u015flad\u0131\u011f\u0131 \u00f6ne s\u00fcr\u00fcld\u00fc. Sar\u0131-lacivertlilerin, tatmin edici bir teklif gelmesi&#8230;<\/p>\n","protected":false},"author":1,"featured_media":1060,"comment_status":"closed","ping_status":"closed","sticky":false,"template":"","format":"standard","meta":{"footnotes":""},"categories":[48],"tags":[],"ppma_author":[57],"class_list":["post-1059","post","type-post","status-publish","format-standard","has-post-thumbnail","hentry","category-spor"],"authors":[{"term_id":57,"user_id":1,"is_guest":0,"slug":"admin","display_name":"Alp Aslan","avatar_url":"https:\/\/secure.gravatar.com\/avatar\/07c18c5ad3350b025db8f3328450e071acb435c703e565899c880c63362f137a?s=96&d=mm&r=g","author_category":"1","first_name":"Alp Aslan","last_name":"ER\u0130N","user_url":"http:\/\/www.gundem59.com.tr","job_title":"","description":""}],"_links":{"self":[{"href":"https:\/\/gundem59.com.tr\/index.php?rest_route=\/wp\/v2\/posts\/1059","targetHints":{"allow":["GET"]}}],"collection":[{"href":"https:\/\/gundem59.com.tr\/index.php?rest_route=\/wp\/v2\/posts"}],"about":[{"href":"https:\/\/gundem59.com.tr\/index.php?rest_route=\/wp\/v2\/types\/post"}],"author":[{"embeddable":true,"href":"https:\/\/gundem59.com.tr\/index.php?rest_route=\/wp\/v2\/users\/1"}],"replies":[{"embeddable":true,"href":"https:\/\/gundem59.com.tr\/index.php?rest_route=%2Fwp%2Fv2%2Fcomments&post=1059"}],"version-history":[{"count":1,"href":"https:\/\/gundem59.com.tr\/index.php?rest_route=\/wp\/v2\/posts\/1059\/revisions"}],"predecessor-version":[{"id":1061,"href":"https:\/\/gundem59.com.tr\/index.php?rest_route=\/wp\/v2\/posts\/1059\/revisions\/1061"}],"wp:featuredmedia":[{"embeddable":true,"href":"https:\/\/gundem59.com.tr\/index.php?rest_route=\/wp\/v2\/media\/1060"}],"wp:attachment":[{"href":"https:\/\/gundem59.com.tr\/index.php?rest_route=%2Fwp%2Fv2%2Fmedia&parent=1059"}],"wp:term":[{"taxonomy":"category","embeddable":true,"href":"https:\/\/gundem59.com.tr\/index.php?rest_route=%2Fwp%2Fv2%2Fcategories&post=1059"},{"taxonomy":"post_tag","embeddable":true,"href":"https:\/\/gundem59.com.tr\/index.php?rest_route=%2Fwp%2Fv2%2Ftags&post=1059"},{"taxonomy":"author","embeddable":true,"href":"https:\/\/gundem59.com.tr\/index.php?rest_route=%2Fwp%2Fv2%2Fppma_author&post=1059"}],"curies":[{"name":"wp","href":"https:\/\/api.w.org\/{rel}","templated":true}]}}